{"id":36,"date":"2024-09-17T17:58:24","date_gmt":"2024-09-17T15:58:24","guid":{"rendered":"https:\/\/www.seferintrip.com\/?p=36"},"modified":"2024-10-02T20:46:13","modified_gmt":"2024-10-02T18:46:13","slug":"%e2%9c%a8viaje-verano-2024%e2%9c%a8-17-de-agosto-de-2024","status":"publish","type":"post","link":"https:\/\/www.seferintrip.com\/?p=36","title":{"rendered":"\u2728VIAJE VERANO 2024\u2728 17 de Agosto &#8211; Burgo de Osma"},"content":{"rendered":"\n<p>17 de agosto<\/p>\n\n\n\n<p><strong>COMIENZO<\/strong><\/p>\n\n\n\n<p>Salimos de casa con mucha ilusi\u00f3n y expectantes a lo que va a pasar por delante de nuestra retina.<\/p>\n\n\n\n<p>La primera parada la realizamos en Buitrago del Lozoya (que ya visitamos en otra ocasi\u00f3n). <br>Un recomendado pueblo t\u00edpico medieval muy llamativo y original.<\/p>\n\n\n\n<p>Poco despu\u00e9s, pasamos por bosque Somosierra, que est\u00e1 situado en Sierra Norte de Madrid.<br>Y hacemos parada para comer y estirar los pies en un entorno maravilloso de la Acebeda.<\/p>\n\n\n\n<p>Seguimos en ruta, y al final de la tarde llegamos a Burgo de Osma donde pasamos la noche en el \u00e1rea de autocaravanas de la ciudad. <\/p>\n\n\n\n<figure class=\"wp-block-image size-full is-style-default\"><img loading=\"lazy\" decoding=\"async\" width=\"953\" height=\"716\" src=\"https:\/\/www.seferintrip.com\/wp-content\/uploads\/2024\/09\/IMG_20240817_173115.jpg\" alt=\"\" class=\"wp-image-142\" srcset=\"https:\/\/www.seferintrip.com\/wp-content\/uploads\/2024\/09\/IMG_20240817_173115.jpg 953w, https:\/\/www.seferintrip.com\/wp-content\/uploads\/2024\/09\/IMG_20240817_173115-300x225.jpg 300w, https:\/\/www.seferintrip.com\/wp-content\/uploads\/2024\/09\/IMG_20240817_173115-768x577.jpg 768w\" sizes=\"auto, (max-width: 953px) 100vw, 953px\" \/><\/figure>\n\n\n\n<p>Bien situada y con vistas al centro hist\u00f3rico y al lado de un gran campo de girasoles<\/p>\n\n\n\n<p>El Burgo de Osma cuenta con una muralla que lo rodea, una proyecci\u00f3n construida para la protecci\u00f3n del pueblo que se termin\u00f3 en 1458, y aparte de proteger, tambi\u00e9n daba uso para rutas comerciales con productos t\u00edpicos que pasaban por all\u00ed. <br>Una curiosidad, era que por la entrada de la muralla recib\u00edan y les entregaban las temporales llaves del pueblo al obispo que iba a gobernar. <\/p>\n\n\n\n<figure class=\"wp-block-image size-large\"><img loading=\"lazy\" decoding=\"async\" width=\"1024\" height=\"461\" src=\"https:\/\/www.seferintrip.com\/wp-content\/uploads\/2024\/09\/IMG_20240817_203906-1024x461.jpg\" alt=\"\" class=\"wp-image-146\" srcset=\"https:\/\/www.seferintrip.com\/wp-content\/uploads\/2024\/09\/IMG_20240817_203906-1024x461.jpg 1024w, https:\/\/www.seferintrip.com\/wp-content\/uploads\/2024\/09\/IMG_20240817_203906-300x135.jpg 300w, https:\/\/www.seferintrip.com\/wp-content\/uploads\/2024\/09\/IMG_20240817_203906-768x346.jpg 768w, https:\/\/www.seferintrip.com\/wp-content\/uploads\/2024\/09\/IMG_20240817_203906.jpg 1466w\" sizes=\"auto, (max-width: 1024px) 100vw, 1024px\" \/><\/figure>\n\n\n\n<p>Este pueblo cuenta tambi\u00e9n con jardines en la entrada y poco despu\u00e9s podr\u00e1s llegar a la plaza de la catedral, donde se sit\u00faa una enorme catedral de estilo g\u00f3tico construida entre los siglos XV y XVII gracias al proyecto de Sabatini. <\/p>\n\n\n\n<figure class=\"wp-block-image size-large\"><img loading=\"lazy\" decoding=\"async\" width=\"1024\" height=\"461\" src=\"http:\/\/www.seferintrip.com\/wp-content\/uploads\/2024\/09\/IMG_20240817_223535-1024x461.jpg\" alt=\"\" class=\"wp-image-147\" srcset=\"https:\/\/www.seferintrip.com\/wp-content\/uploads\/2024\/09\/IMG_20240817_223535-1024x461.jpg 1024w, https:\/\/www.seferintrip.com\/wp-content\/uploads\/2024\/09\/IMG_20240817_223535-300x135.jpg 300w, https:\/\/www.seferintrip.com\/wp-content\/uploads\/2024\/09\/IMG_20240817_223535-768x346.jpg 768w, https:\/\/www.seferintrip.com\/wp-content\/uploads\/2024\/09\/IMG_20240817_223535.jpg 1466w\" sizes=\"auto, (max-width: 1024px) 100vw, 1024px\" \/><\/figure>\n\n\n\n<p><br>En la plaza mayor encontraremos por sorpresa las pe\u00f1as y el baile de la rueda, una fiesta t\u00edpica en la que se re\u00fanen varios amigos y vecinos para formar las pe\u00f1as, tocando instrumentos y cantando, a parte tambi\u00e9n tiene lugar la banda del pueblo y un baile t\u00edpico que la gente del pueblo baila por tradici\u00f3n formando un gran circulo en la plaza.<\/p>\n\n\n\n<figure class=\"wp-block-image size-large\"><img loading=\"lazy\" decoding=\"async\" width=\"1024\" height=\"461\" src=\"http:\/\/www.seferintrip.com\/wp-content\/uploads\/2024\/09\/IMG_20240817_230902-1024x461.jpg\" alt=\"\" class=\"wp-image-144\" srcset=\"https:\/\/www.seferintrip.com\/wp-content\/uploads\/2024\/09\/IMG_20240817_230902-1024x461.jpg 1024w, https:\/\/www.seferintrip.com\/wp-content\/uploads\/2024\/09\/IMG_20240817_230902-300x135.jpg 300w, https:\/\/www.seferintrip.com\/wp-content\/uploads\/2024\/09\/IMG_20240817_230902-768x346.jpg 768w, https:\/\/www.seferintrip.com\/wp-content\/uploads\/2024\/09\/IMG_20240817_230902.jpg 1466w\" sizes=\"auto, (max-width: 1024px) 100vw, 1024px\" \/><\/figure>\n\n\n\n<p>Este enclave es tambi\u00e9n famoso por las interesantes aguas termales subterr\u00e1neas que se descubrieron en la antigua universidad, y que hoy en d\u00eda se ha transformado en un hotel.<\/p>\n\n\n\n<p><\/p>\n","protected":false},"excerpt":{"rendered":"<p>17 de agosto COMIENZO Salimos de casa con mucha ilusi\u00f3n y expectantes a lo que va a pasar por delante de nuestra retina. La primera parada la realizamos en Buitrago del Lozoya (que ya visitamos en otra ocasi\u00f3n). Un recomendado pueblo t\u00edpico medieval muy llamativo y original. Poco despu\u00e9s, pasamos por bosque Somosierra, que est\u00e1 &hellip; <\/p>\n","protected":false},"author":1,"featured_media":76,"comment_status":"open","ping_status":"open","sticky":false,"template":"","format":"standard","meta":{"footnotes":""},"categories":[5,4],"tags":[8,7],"class_list":["post-36","post","type-post","status-publish","format-standard","has-post-thumbnail","hentry","category-summer-trips","category-viajes","tag-8","tag-cuadernos-de-viaje"],"_links":{"self":[{"href":"https:\/\/www.seferintrip.com\/index.php?rest_route=\/wp\/v2\/posts\/36","targetHints":{"allow":["GET"]}}],"collection":[{"href":"https:\/\/www.seferintrip.com\/index.php?rest_route=\/wp\/v2\/posts"}],"about":[{"href":"https:\/\/www.seferintrip.com\/index.php?rest_route=\/wp\/v2\/types\/post"}],"author":[{"embeddable":true,"href":"https:\/\/www.seferintrip.com\/index.php?rest_route=\/wp\/v2\/users\/1"}],"replies":[{"embeddable":true,"href":"https:\/\/www.seferintrip.com\/index.php?rest_route=%2Fwp%2Fv2%2Fcomments&post=36"}],"version-history":[{"count":11,"href":"https:\/\/www.seferintrip.com\/index.php?rest_route=\/wp\/v2\/posts\/36\/revisions"}],"predecessor-version":[{"id":275,"href":"https:\/\/www.seferintrip.com\/index.php?rest_route=\/wp\/v2\/posts\/36\/revisions\/275"}],"wp:featuredmedia":[{"embeddable":true,"href":"https:\/\/www.seferintrip.com\/index.php?rest_route=\/wp\/v2\/media\/76"}],"wp:attachment":[{"href":"https:\/\/www.seferintrip.com\/index.php?rest_route=%2Fwp%2Fv2%2Fmedia&parent=36"}],"wp:term":[{"taxonomy":"category","embeddable":true,"href":"https:\/\/www.seferintrip.com\/index.php?rest_route=%2Fwp%2Fv2%2Fcategories&post=36"},{"taxonomy":"post_tag","embeddable":true,"href":"https:\/\/www.seferintrip.com\/index.php?rest_route=%2Fwp%2Fv2%2Ftags&post=36"}],"curies":[{"name":"wp","href":"https:\/\/api.w.org\/{rel}","templated":true}]}}