{"id":43,"date":"2024-09-17T18:24:59","date_gmt":"2024-09-17T16:24:59","guid":{"rendered":"https:\/\/www.seferintrip.com\/?p=43"},"modified":"2024-09-29T11:37:16","modified_gmt":"2024-09-29T09:37:16","slug":"%e2%9c%a8viaje-verano-2024%e2%9c%a8-19-de-agosto","status":"publish","type":"post","link":"https:\/\/www.seferintrip.com\/?p=43","title":{"rendered":"\u2728VIAJE VERANO 2024\u2728 19 de Agosto &#8211; Playa Laila"},"content":{"rendered":"\n<p>Buenos d\u00edas!! Hoy nos espera un d\u00eda entre playa!<\/p>\n\n\n\n<p>Desde Logro\u00f1o nos dirigimos hacia Bermeo parando a desayunar en unas mesitas por carretera, aparcamos all\u00ed y nos vamos a ver unos acantilados con vistas muy interesantes hasta llegar a una peque\u00f1a playa entre rocas y vegetaci\u00f3n, contando con un encantador entorno.<\/p>\n\n\n\n<p>Dimos una vuelta por el pueblecito de Bermeo (donde aprend\u00ed que este antes contaba con una muralla que fue pasando por dos generaciones para construirla hacia 1337, pero que acab\u00f3 extingui\u00e9ndose hoy en dia por su falta de utilidad), hasta llegar al puerto donde cogeremos el autob\u00fas direcci\u00f3n a Zubarrieta.<\/p>\n\n\n\n<figure class=\"wp-block-image size-large\"><img loading=\"lazy\" decoding=\"async\" width=\"1024\" height=\"768\" src=\"https:\/\/www.seferintrip.com\/wp-content\/uploads\/2024\/09\/img_20240819_1524432757318629679734866-1024x768.jpg\" alt=\"\" class=\"wp-image-158\" srcset=\"https:\/\/www.seferintrip.com\/wp-content\/uploads\/2024\/09\/img_20240819_1524432757318629679734866-1024x768.jpg 1024w, https:\/\/www.seferintrip.com\/wp-content\/uploads\/2024\/09\/img_20240819_1524432757318629679734866-300x225.jpg 300w, https:\/\/www.seferintrip.com\/wp-content\/uploads\/2024\/09\/img_20240819_1524432757318629679734866-768x576.jpg 768w, https:\/\/www.seferintrip.com\/wp-content\/uploads\/2024\/09\/img_20240819_1524432757318629679734866-1536x1152.jpg 1536w, https:\/\/www.seferintrip.com\/wp-content\/uploads\/2024\/09\/img_20240819_1524432757318629679734866.jpg 2000w\" sizes=\"auto, (max-width: 1024px) 100vw, 1024px\" \/><\/figure>\n\n\n\n<p>El viaje muchas veces te conecta con persona y gracias a la ayuda de una gran persona que nos orient\u00f3 (Jose luis Aguilar) pudimos visitar en su playa\/ puerto de barcos para coger un barquito hacia paya Laila , una playa donde pasamos un agradable rato con un paisaje incre\u00edble, poco despu\u00e9s bajo la marea y pudimos disfrutar de una\u00a0 original playa\u00a0 con vistas magn\u00edficas.<\/p>\n\n\n\n<figure class=\"wp-block-image size-large\"><img loading=\"lazy\" decoding=\"async\" width=\"1024\" height=\"769\" src=\"https:\/\/www.seferintrip.com\/wp-content\/uploads\/2024\/09\/img_20240819_19542321477694802096460358-1024x769.jpg\" alt=\"\" class=\"wp-image-159\" srcset=\"https:\/\/www.seferintrip.com\/wp-content\/uploads\/2024\/09\/img_20240819_19542321477694802096460358-1024x769.jpg 1024w, https:\/\/www.seferintrip.com\/wp-content\/uploads\/2024\/09\/img_20240819_19542321477694802096460358-300x225.jpg 300w, https:\/\/www.seferintrip.com\/wp-content\/uploads\/2024\/09\/img_20240819_19542321477694802096460358-768x577.jpg 768w, https:\/\/www.seferintrip.com\/wp-content\/uploads\/2024\/09\/img_20240819_19542321477694802096460358-1536x1154.jpg 1536w, https:\/\/www.seferintrip.com\/wp-content\/uploads\/2024\/09\/img_20240819_19542321477694802096460358.jpg 1999w\" sizes=\"auto, (max-width: 1024px) 100vw, 1024px\" \/><\/figure>\n\n\n\n<p>Toc\u00f3 la hora de volver en barco y al ser el \u00faltimo viaje, tuvimos la suerte de dar un paseo extra por la zona, donde nos explicaron muchas cosas interesantes, como el clima, las construcciones&#8230; Otra de ellas, fue sobre las ballenas, nos contaron que antiguamente en el entorno, (que son r\u00edas entrantes con el mar Cant\u00e1brico) pasaban muchas y era tradici\u00f3n que los ni\u00f1os se quedasen mirando por si pasaban y directamente los marineros se alzaban a la caza. Debido a esto, ya no suelen venir por esta zona. Luego, nos fuimos a Mundaka y visitamos su catedral.<\/p>\n\n\n\n<figure class=\"wp-block-image size-large\"><img loading=\"lazy\" decoding=\"async\" width=\"1024\" height=\"646\" src=\"https:\/\/www.seferintrip.com\/wp-content\/uploads\/2024\/09\/original_08864eb6-4b83-47df-8f2d-e6b71cbf787a_img_20240819_210625769998840091798435-1024x646.jpg\" alt=\"\" class=\"wp-image-161\" srcset=\"https:\/\/www.seferintrip.com\/wp-content\/uploads\/2024\/09\/original_08864eb6-4b83-47df-8f2d-e6b71cbf787a_img_20240819_210625769998840091798435-1024x646.jpg 1024w, https:\/\/www.seferintrip.com\/wp-content\/uploads\/2024\/09\/original_08864eb6-4b83-47df-8f2d-e6b71cbf787a_img_20240819_210625769998840091798435-300x189.jpg 300w, https:\/\/www.seferintrip.com\/wp-content\/uploads\/2024\/09\/original_08864eb6-4b83-47df-8f2d-e6b71cbf787a_img_20240819_210625769998840091798435-768x484.jpg 768w, https:\/\/www.seferintrip.com\/wp-content\/uploads\/2024\/09\/original_08864eb6-4b83-47df-8f2d-e6b71cbf787a_img_20240819_210625769998840091798435-1536x968.jpg 1536w, https:\/\/www.seferintrip.com\/wp-content\/uploads\/2024\/09\/original_08864eb6-4b83-47df-8f2d-e6b71cbf787a_img_20240819_210625769998840091798435.jpg 2000w\" sizes=\"auto, (max-width: 1024px) 100vw, 1024px\" \/><\/figure>\n\n\n\n<p>Pudimos conocer el juego tradicional del front\u00f3n, que consta en golpear con la mano una pelota hacia la pared una y otra vez, y nos dimos cuenta, que este juego es muy t\u00edpico en el Pais Vasco. <\/p>\n\n\n\n<p>Visitamos su puerto con las casitas y subimos a la ermita para disfrutar las vistas de este entorno.<\/p>\n\n\n\n<figure class=\"wp-block-image size-large\"><img loading=\"lazy\" decoding=\"async\" width=\"1024\" height=\"768\" src=\"https:\/\/www.seferintrip.com\/wp-content\/uploads\/2024\/09\/img_20240819_2059008645333224226164070-1024x768.jpg\" alt=\"\" class=\"wp-image-162\" srcset=\"https:\/\/www.seferintrip.com\/wp-content\/uploads\/2024\/09\/img_20240819_2059008645333224226164070-1024x768.jpg 1024w, https:\/\/www.seferintrip.com\/wp-content\/uploads\/2024\/09\/img_20240819_2059008645333224226164070-300x225.jpg 300w, https:\/\/www.seferintrip.com\/wp-content\/uploads\/2024\/09\/img_20240819_2059008645333224226164070-768x576.jpg 768w, https:\/\/www.seferintrip.com\/wp-content\/uploads\/2024\/09\/img_20240819_2059008645333224226164070-1536x1152.jpg 1536w, https:\/\/www.seferintrip.com\/wp-content\/uploads\/2024\/09\/img_20240819_2059008645333224226164070.jpg 2000w\" sizes=\"auto, (max-width: 1024px) 100vw, 1024px\" \/><\/figure>\n\n\n\n<p>La \u00faltima curiosidad del d\u00eda que casi se me olvida contar, es que todos estos pueblecitos que os he ido nombrando hoy pertenecen a la reserva de la biosfera de Urdaibai, (que en Vasco significa Urda\/ Jabal\u00ed e Ibai\/r\u00edo) esto se debe a que por estas islas suelen haber muchos jabal\u00edes por la zona, e incluso con marea alta cruzan nadando, ya que se les da muy bien, hacia las otros pueblos en busca de comida\ud83c\udf32<\/p>\n","protected":false},"excerpt":{"rendered":"<p>Buenos d\u00edas!! Hoy nos espera un d\u00eda entre playa! Desde Logro\u00f1o nos dirigimos hacia Bermeo parando a desayunar en unas mesitas por carretera, aparcamos all\u00ed y nos vamos a ver unos acantilados con vistas muy interesantes hasta llegar a una peque\u00f1a playa entre rocas y vegetaci\u00f3n, contando con un encantador entorno. Dimos una vuelta por &hellip; <\/p>\n","protected":false},"author":1,"featured_media":22,"comment_status":"open","ping_status":"open","sticky":false,"template":"","format":"standard","meta":{"footnotes":""},"categories":[5,4],"tags":[8,7],"class_list":["post-43","post","type-post","status-publish","format-standard","has-post-thumbnail","hentry","category-summer-trips","category-viajes","tag-8","tag-cuadernos-de-viaje"],"_links":{"self":[{"href":"https:\/\/www.seferintrip.com\/index.php?rest_route=\/wp\/v2\/posts\/43","targetHints":{"allow":["GET"]}}],"collection":[{"href":"https:\/\/www.seferintrip.com\/index.php?rest_route=\/wp\/v2\/posts"}],"about":[{"href":"https:\/\/www.seferintrip.com\/index.php?rest_route=\/wp\/v2\/types\/post"}],"author":[{"embeddable":true,"href":"https:\/\/www.seferintrip.com\/index.php?rest_route=\/wp\/v2\/users\/1"}],"replies":[{"embeddable":true,"href":"https:\/\/www.seferintrip.com\/index.php?rest_route=%2Fwp%2Fv2%2Fcomments&post=43"}],"version-history":[{"count":4,"href":"https:\/\/www.seferintrip.com\/index.php?rest_route=\/wp\/v2\/posts\/43\/revisions"}],"predecessor-version":[{"id":163,"href":"https:\/\/www.seferintrip.com\/index.php?rest_route=\/wp\/v2\/posts\/43\/revisions\/163"}],"wp:featuredmedia":[{"embeddable":true,"href":"https:\/\/www.seferintrip.com\/index.php?rest_route=\/wp\/v2\/media\/22"}],"wp:attachment":[{"href":"https:\/\/www.seferintrip.com\/index.php?rest_route=%2Fwp%2Fv2%2Fmedia&parent=43"}],"wp:term":[{"taxonomy":"category","embeddable":true,"href":"https:\/\/www.seferintrip.com\/index.php?rest_route=%2Fwp%2Fv2%2Fcategories&post=43"},{"taxonomy":"post_tag","embeddable":true,"href":"https:\/\/www.seferintrip.com\/index.php?rest_route=%2Fwp%2Fv2%2Ftags&post=43"}],"curies":[{"name":"wp","href":"https:\/\/api.w.org\/{rel}","templated":true}]}}