{"id":45,"date":"2024-09-17T18:14:35","date_gmt":"2024-09-17T16:14:35","guid":{"rendered":"https:\/\/www.seferintrip.com\/?p=45"},"modified":"2024-09-29T14:48:26","modified_gmt":"2024-09-29T12:48:26","slug":"%e2%9c%a8viaje-verano-2024%e2%9c%a8-18-de-agosto-de-2024","status":"publish","type":"post","link":"https:\/\/www.seferintrip.com\/?p=45","title":{"rendered":"\u2728VIAJE VERANO 2024\u2728 18 de Agosto &#8211; Laguna Negra"},"content":{"rendered":"\n<p>Empezamos el d\u00eda emprendiendo camino hac\u00eda Fuentona de Muriel, un monumento natural y una espectacular formaci\u00f3n geol\u00f3gica parecida a un manantial, con muchas curiosidades&#8230; <\/p>\n\n\n\n<p>Para empezar, hoy en d\u00eda no conocemos su profundidad absoluta, debido que bajo el manantial, siguiendo las monta\u00f1as hay dos galer\u00edas subterr\u00e1neas, mayoritariamente desconocidas, se dan a creer muchas leyendas bajo estas aguas, de seres mitol\u00f3gicos sin dar a conocer a\u00fan, pero cuentan que esperan su oportunidad para atrapar a alg\u00fan&nbsp; turista despistado&#8230; <\/p>\n\n\n\n<p>Las nerbinas tratar\u00e1n de envelessrte con su hermoso canto para que no descubran su secreto\ud83e\udd2b<\/p>\n\n\n\n<figure class=\"wp-block-image size-large\"><img loading=\"lazy\" decoding=\"async\" width=\"1024\" height=\"769\" src=\"https:\/\/www.seferintrip.com\/wp-content\/uploads\/2024\/09\/img_20240818_12173428582233222069442147-1024x769.jpg\" alt=\"\" class=\"wp-image-165\" srcset=\"https:\/\/www.seferintrip.com\/wp-content\/uploads\/2024\/09\/img_20240818_12173428582233222069442147-1024x769.jpg 1024w, https:\/\/www.seferintrip.com\/wp-content\/uploads\/2024\/09\/img_20240818_12173428582233222069442147-300x225.jpg 300w, https:\/\/www.seferintrip.com\/wp-content\/uploads\/2024\/09\/img_20240818_12173428582233222069442147-768x577.jpg 768w, https:\/\/www.seferintrip.com\/wp-content\/uploads\/2024\/09\/img_20240818_12173428582233222069442147-1536x1154.jpg 1536w, https:\/\/www.seferintrip.com\/wp-content\/uploads\/2024\/09\/img_20240818_12173428582233222069442147.jpg 1999w\" sizes=\"auto, (max-width: 1024px) 100vw, 1024px\" \/><\/figure>\n\n\n\n<p>Un paraje natural hermoso y de f\u00e1cil acceso.<\/p>\n\n\n\n<p>Por carretera podemos ver tambi\u00e9n diversos pueblecitos de&nbsp; la zona, uno de ellos Calata\u00f1azor, con su sabinar.<\/p>\n\n\n\n<p>Para comer y refrescarnos, nos vamos a Playa Pita.<\/p>\n\n\n\n<p>Caminamos de un extremo a otro, esta vez nos encontramos en un gigante e infinito embalse, conocido como el m\u00e1s grande de Espa\u00f1a, denominado: \u00abEmbalse de la cuerda del Arco\u00bb, constru\u00eddo y unido al r\u00edo Duero.<\/p>\n\n\n\n<figure class=\"wp-block-image size-large\"><img loading=\"lazy\" decoding=\"async\" width=\"1024\" height=\"459\" src=\"https:\/\/www.seferintrip.com\/wp-content\/uploads\/2024\/09\/img_20240818_14183926809164389819835254-1024x459.jpg\" alt=\"\" class=\"wp-image-166\" srcset=\"https:\/\/www.seferintrip.com\/wp-content\/uploads\/2024\/09\/img_20240818_14183926809164389819835254-1024x459.jpg 1024w, https:\/\/www.seferintrip.com\/wp-content\/uploads\/2024\/09\/img_20240818_14183926809164389819835254-300x135.jpg 300w, https:\/\/www.seferintrip.com\/wp-content\/uploads\/2024\/09\/img_20240818_14183926809164389819835254-768x344.jpg 768w, https:\/\/www.seferintrip.com\/wp-content\/uploads\/2024\/09\/img_20240818_14183926809164389819835254-1536x689.jpg 1536w, https:\/\/www.seferintrip.com\/wp-content\/uploads\/2024\/09\/img_20240818_14183926809164389819835254.jpg 2000w\" sizes=\"auto, (max-width: 1024px) 100vw, 1024px\" \/><\/figure>\n\n\n\n<p>Rodeado de maravilloso entorno natural, con barquitos para alquilar al lado de un camping.<\/p>\n\n\n\n<p>M\u00e1s adentrada la tarde, visitamos la Laguna Negra, tomamos el autob\u00fas que nos llevaria hacia esta impresionante laguna.<\/p>\n\n\n\n<p>Con formaciones rocosas de  antepasados glaciares, pero que entre&nbsp;deshielos y desprendimientos han terminado como la Laguna Negra que visitamos hoy,.<\/p>\n\n\n\n<p>Este nombre se debe ya que desde \u00abEl glaciar se rocas\u00bb que deja el\u00a0 desprendimiento, podemos observar entre toda esta vegetaci\u00f3n y rocas la Laguna de un color negruzco.<\/p>\n\n\n\n<figure class=\"wp-block-image size-large\"><img loading=\"lazy\" decoding=\"async\" width=\"1024\" height=\"769\" src=\"https:\/\/www.seferintrip.com\/wp-content\/uploads\/2024\/09\/img_20240818_1715325917678298608452154-1024x769.jpg\" alt=\"\" class=\"wp-image-167\" srcset=\"https:\/\/www.seferintrip.com\/wp-content\/uploads\/2024\/09\/img_20240818_1715325917678298608452154-1024x769.jpg 1024w, https:\/\/www.seferintrip.com\/wp-content\/uploads\/2024\/09\/img_20240818_1715325917678298608452154-300x225.jpg 300w, https:\/\/www.seferintrip.com\/wp-content\/uploads\/2024\/09\/img_20240818_1715325917678298608452154-768x577.jpg 768w, https:\/\/www.seferintrip.com\/wp-content\/uploads\/2024\/09\/img_20240818_1715325917678298608452154-1536x1154.jpg 1536w, https:\/\/www.seferintrip.com\/wp-content\/uploads\/2024\/09\/img_20240818_1715325917678298608452154.jpg 1999w\" sizes=\"auto, (max-width: 1024px) 100vw, 1024px\" \/><\/figure>\n\n\n\n<p>Una vez tachado de la lista este interesante glaciar, entre \u00e1rboles y naturaleza nos encontramos en la Sierra Cebollera, situada entre Soria y Logro\u00f1o, este \u00faltimo, el lugar al que nos dirigimos. Viendo por el camino verdosos paisajes naturales, en la subida al puerto de monta\u00f1a llamado Santa In\u00e9s y una grandes formaciones rocosas por el camino.<\/p>\n\n\n\n<figure class=\"wp-block-image size-large\"><img loading=\"lazy\" decoding=\"async\" width=\"461\" height=\"1024\" src=\"https:\/\/www.seferintrip.com\/wp-content\/uploads\/2024\/09\/img_20240818_2317308477020240073337640-461x1024.jpg\" alt=\"\" class=\"wp-image-168\" srcset=\"https:\/\/www.seferintrip.com\/wp-content\/uploads\/2024\/09\/img_20240818_2317308477020240073337640-461x1024.jpg 461w, https:\/\/www.seferintrip.com\/wp-content\/uploads\/2024\/09\/img_20240818_2317308477020240073337640-135x300.jpg 135w, https:\/\/www.seferintrip.com\/wp-content\/uploads\/2024\/09\/img_20240818_2317308477020240073337640-768x1707.jpg 768w, https:\/\/www.seferintrip.com\/wp-content\/uploads\/2024\/09\/img_20240818_2317308477020240073337640-691x1536.jpg 691w, https:\/\/www.seferintrip.com\/wp-content\/uploads\/2024\/09\/img_20240818_2317308477020240073337640.jpg 900w\" sizes=\"auto, (max-width: 461px) 100vw, 461px\" \/><\/figure>\n\n\n\n<p>Finalmente, llegamos a Logro\u00f1o, para pernoctar all\u00ed. Pasamos por el \u00abParque del Ebro\u00bb( ya que este r\u00edo pasa por aqu\u00ed),\u00a0 situado relativamente cerca del \u00e1rea, y nos dirigimos a esta ciudad, visitamos sus calles, su parlamento, los restos de la muralla antigua y nos tomamos unos pinchos y pasamos un alegre rato visitando las tabernas t\u00edpicas en la \u00abCalle Laurel\u00bb, y para finalizar el d\u00eda, terminamos visitando la catedral de las torres gemelas a la oscuridad de la noche. Como curiosidad, es muy t\u00edpico de Logro\u00f1o hacer las construcciones muy parecidas e incluso gemelas, que esto es lo que le da nombre a la catedral que acabo de nombrar, pero realmente est\u00e1s torres no son tan sim\u00e9tricas si las observamos bien&#8230;<\/p>\n","protected":false},"excerpt":{"rendered":"<p>Empezamos el d\u00eda emprendiendo camino hac\u00eda Fuentona de Muriel, un monumento natural y una espectacular formaci\u00f3n geol\u00f3gica parecida a un manantial, con muchas curiosidades&#8230; Para empezar, hoy en d\u00eda no conocemos su profundidad absoluta, debido que bajo el manantial, siguiendo las monta\u00f1as hay dos galer\u00edas subterr\u00e1neas, mayoritariamente desconocidas, se dan a creer muchas leyendas bajo &hellip; <\/p>\n","protected":false},"author":1,"featured_media":77,"comment_status":"open","ping_status":"open","sticky":false,"template":"","format":"standard","meta":{"footnotes":""},"categories":[5,4],"tags":[8,7],"class_list":["post-45","post","type-post","status-publish","format-standard","has-post-thumbnail","hentry","category-summer-trips","category-viajes","tag-8","tag-cuadernos-de-viaje"],"_links":{"self":[{"href":"https:\/\/www.seferintrip.com\/index.php?rest_route=\/wp\/v2\/posts\/45","targetHints":{"allow":["GET"]}}],"collection":[{"href":"https:\/\/www.seferintrip.com\/index.php?rest_route=\/wp\/v2\/posts"}],"about":[{"href":"https:\/\/www.seferintrip.com\/index.php?rest_route=\/wp\/v2\/types\/post"}],"author":[{"embeddable":true,"href":"https:\/\/www.seferintrip.com\/index.php?rest_route=\/wp\/v2\/users\/1"}],"replies":[{"embeddable":true,"href":"https:\/\/www.seferintrip.com\/index.php?rest_route=%2Fwp%2Fv2%2Fcomments&post=45"}],"version-history":[{"count":6,"href":"https:\/\/www.seferintrip.com\/index.php?rest_route=\/wp\/v2\/posts\/45\/revisions"}],"predecessor-version":[{"id":169,"href":"https:\/\/www.seferintrip.com\/index.php?rest_route=\/wp\/v2\/posts\/45\/revisions\/169"}],"wp:featuredmedia":[{"embeddable":true,"href":"https:\/\/www.seferintrip.com\/index.php?rest_route=\/wp\/v2\/media\/77"}],"wp:attachment":[{"href":"https:\/\/www.seferintrip.com\/index.php?rest_route=%2Fwp%2Fv2%2Fmedia&parent=45"}],"wp:term":[{"taxonomy":"category","embeddable":true,"href":"https:\/\/www.seferintrip.com\/index.php?rest_route=%2Fwp%2Fv2%2Fcategories&post=45"},{"taxonomy":"post_tag","embeddable":true,"href":"https:\/\/www.seferintrip.com\/index.php?rest_route=%2Fwp%2Fv2%2Ftags&post=45"}],"curies":[{"name":"wp","href":"https:\/\/api.w.org\/{rel}","templated":true}]}}