{"id":55,"date":"2024-09-17T18:31:26","date_gmt":"2024-09-17T16:31:26","guid":{"rendered":"https:\/\/www.seferintrip.com\/?p=55"},"modified":"2024-09-29T15:57:46","modified_gmt":"2024-09-29T13:57:46","slug":"%e2%9c%a8viaje-verano-2024%e2%9c%a8-21-de-agosto","status":"publish","type":"post","link":"https:\/\/www.seferintrip.com\/?p=55","title":{"rendered":"\u2728VIAJE VERANO 2024\u2728 21 de Agosto &#8211; San Sebasti\u00e1n"},"content":{"rendered":"\n<p>Zumaya y San Sebasti\u00e1n<\/p>\n\n\n\n<p>Empezamos la ma\u00f1ana dirigi\u00e9ndonos a Zumaya, vemos si Iglesia y sus encantadoras casitas, pero lo m\u00e1s impresionante y famoso de este lugar sin lugar a dudas son los filchs, una extre\u00f1a pero a la vez sorprendente formaci\u00f3n rocosa que se ha ido formando a trav\u00e9s del tiempo.<\/p>\n\n\n\n<figure class=\"wp-block-image size-large\"><img loading=\"lazy\" decoding=\"async\" width=\"768\" height=\"1024\" src=\"https:\/\/www.seferintrip.com\/wp-content\/uploads\/2024\/09\/img_20240821_1113317326768009985246231-768x1024.jpg\" alt=\"\" class=\"wp-image-176\" srcset=\"https:\/\/www.seferintrip.com\/wp-content\/uploads\/2024\/09\/img_20240821_1113317326768009985246231-768x1024.jpg 768w, https:\/\/www.seferintrip.com\/wp-content\/uploads\/2024\/09\/img_20240821_1113317326768009985246231-225x300.jpg 225w, https:\/\/www.seferintrip.com\/wp-content\/uploads\/2024\/09\/img_20240821_1113317326768009985246231-1152x1536.jpg 1152w, https:\/\/www.seferintrip.com\/wp-content\/uploads\/2024\/09\/img_20240821_1113317326768009985246231.jpg 1500w\" sizes=\"auto, (max-width: 768px) 100vw, 768px\" \/><\/figure>\n\n\n\n<p>Os lo explico, lo primero que tenemos que tener en cuenta es que antiguamente est\u00e1s rocas pertenec\u00edan a entornos submarinos, e incluso hoy en d\u00eda con marea alta no se pueden llegar a ver los mas subterr\u00e1neos, ya que los cubre la marea. Pero nosotros tuvimos la suerte de poder bajar y observarlos.<\/p>\n\n\n\n<figure class=\"wp-block-image size-large\"><img loading=\"lazy\" decoding=\"async\" width=\"1024\" height=\"768\" src=\"https:\/\/www.seferintrip.com\/wp-content\/uploads\/2024\/09\/img_20240821_1222044633291428326637414-1024x768.jpg\" alt=\"\" class=\"wp-image-177\" srcset=\"https:\/\/www.seferintrip.com\/wp-content\/uploads\/2024\/09\/img_20240821_1222044633291428326637414-1024x768.jpg 1024w, https:\/\/www.seferintrip.com\/wp-content\/uploads\/2024\/09\/img_20240821_1222044633291428326637414-300x225.jpg 300w, https:\/\/www.seferintrip.com\/wp-content\/uploads\/2024\/09\/img_20240821_1222044633291428326637414-768x576.jpg 768w, https:\/\/www.seferintrip.com\/wp-content\/uploads\/2024\/09\/img_20240821_1222044633291428326637414-1536x1152.jpg 1536w, https:\/\/www.seferintrip.com\/wp-content\/uploads\/2024\/09\/img_20240821_1222044633291428326637414.jpg 2000w\" sizes=\"auto, (max-width: 1024px) 100vw, 1024px\" \/><\/figure>\n\n\n\n<p>Estas rocas, en su interior tienen una formaci\u00f3n muy dura y resistente, al contrario de su parte exterior, que es algo m\u00e1s blanda y moldeable, por lo cual, entre la erosi\u00f3n del viento y las rocas conseguimos ver esta extra\u00f1a formaci\u00f3n, este ecosistema cuenta con una diversidad de criaturas marinas de las m\u00e1s complejas del Pa\u00eds Vasco.<\/p>\n\n\n\n<figure class=\"wp-block-image size-large\"><img loading=\"lazy\" decoding=\"async\" width=\"1024\" height=\"461\" src=\"https:\/\/www.seferintrip.com\/wp-content\/uploads\/2024\/09\/img_20240821_115959_13091782868507931472-1024x461.jpg\" alt=\"\" class=\"wp-image-178\" srcset=\"https:\/\/www.seferintrip.com\/wp-content\/uploads\/2024\/09\/img_20240821_115959_13091782868507931472-1024x461.jpg 1024w, https:\/\/www.seferintrip.com\/wp-content\/uploads\/2024\/09\/img_20240821_115959_13091782868507931472-300x135.jpg 300w, https:\/\/www.seferintrip.com\/wp-content\/uploads\/2024\/09\/img_20240821_115959_13091782868507931472-768x346.jpg 768w, https:\/\/www.seferintrip.com\/wp-content\/uploads\/2024\/09\/img_20240821_115959_13091782868507931472-1536x691.jpg 1536w, https:\/\/www.seferintrip.com\/wp-content\/uploads\/2024\/09\/img_20240821_115959_13091782868507931472.jpg 2000w\" sizes=\"auto, (max-width: 1024px) 100vw, 1024px\" \/><\/figure>\n\n\n\n<p>Debamos saber que estos Filchs&nbsp; cuentan hoy en d\u00eda con procesos de erosi\u00f3n activos y uno de los registros  m\u00e1s importantes del \ud83c\udf0e.<\/p>\n\n\n\n<p>Antes de&nbsp; la hora de la comida nos dirigimos hacia San Sebasti\u00e1n, la capital del Pa\u00eds Vasco, fuimos en bici todo el d\u00eda y lo pasamos super bien, pero tambi\u00e9n tengo que decir que fue uno de los d\u00edas m\u00e1s aprovechados.<\/p>\n\n\n\n<figure class=\"wp-block-image size-large\"><img loading=\"lazy\" decoding=\"async\" width=\"1024\" height=\"769\" src=\"https:\/\/www.seferintrip.com\/wp-content\/uploads\/2024\/09\/img_20240821_1516416613342188067570577-1024x769.jpg\" alt=\"\" class=\"wp-image-179\" srcset=\"https:\/\/www.seferintrip.com\/wp-content\/uploads\/2024\/09\/img_20240821_1516416613342188067570577-1024x769.jpg 1024w, https:\/\/www.seferintrip.com\/wp-content\/uploads\/2024\/09\/img_20240821_1516416613342188067570577-300x225.jpg 300w, https:\/\/www.seferintrip.com\/wp-content\/uploads\/2024\/09\/img_20240821_1516416613342188067570577-768x577.jpg 768w, https:\/\/www.seferintrip.com\/wp-content\/uploads\/2024\/09\/img_20240821_1516416613342188067570577-1536x1154.jpg 1536w, https:\/\/www.seferintrip.com\/wp-content\/uploads\/2024\/09\/img_20240821_1516416613342188067570577.jpg 1999w\" sizes=\"auto, (max-width: 1024px) 100vw, 1024px\" \/><\/figure>\n\n\n\n<p>Empezamos recorriendo un trozo de v\u00eda verde ciclable que hay  en San Sebasti\u00e1n y llegamos tras ver edificios\ud83c\udf07 muy elegantes a la playa de la Concha y el centro de las ciudad. <\/p>\n\n\n\n<p>Nos impresion\u00f3, la playa en forma de concha y los preciosos y miles de edificios rode\u00e1ndole. Nos adentramos en el centro, viendo su parque central con florecitas y el se\u00f1orial Ayuntamiento, y poco despu\u00e9s, acabamos tomando un mont\u00f3n de pinchos en una taberna t\u00edpica de este lugar. Nos adentramos en el casco viejo de la ciudad, observando  callecitas de color amarillento direcci\u00f3n a la g\u00f3tica&nbsp; iglesia&nbsp; de la ciudad.<\/p>\n\n\n\n<figure class=\"wp-block-image size-large\"><img loading=\"lazy\" decoding=\"async\" width=\"1024\" height=\"768\" src=\"https:\/\/www.seferintrip.com\/wp-content\/uploads\/2024\/09\/img_20240821_1529579146178650306772289-1024x768.jpg\" alt=\"\" class=\"wp-image-181\" srcset=\"https:\/\/www.seferintrip.com\/wp-content\/uploads\/2024\/09\/img_20240821_1529579146178650306772289-1024x768.jpg 1024w, https:\/\/www.seferintrip.com\/wp-content\/uploads\/2024\/09\/img_20240821_1529579146178650306772289-300x225.jpg 300w, https:\/\/www.seferintrip.com\/wp-content\/uploads\/2024\/09\/img_20240821_1529579146178650306772289-768x576.jpg 768w, https:\/\/www.seferintrip.com\/wp-content\/uploads\/2024\/09\/img_20240821_1529579146178650306772289-1536x1152.jpg 1536w, https:\/\/www.seferintrip.com\/wp-content\/uploads\/2024\/09\/img_20240821_1529579146178650306772289.jpg 2000w\" sizes=\"auto, (max-width: 1024px) 100vw, 1024px\" \/><\/figure>\n\n\n\n<p>Me encant\u00f3\u00a0 lo caracter\u00edstico de este punto, y era ese toque de color m\u00e1gico salm\u00f3n y amarillo que aparec\u00edan en las calles,adem\u00e1s, vimos unos puentecillas muy curiosos que ten\u00edan los vecinos compartidos entre ellos. Recorremos la zona y nos tomamos un helado \ud83c\udf66 en el parquecito central donde hab\u00edamos dejado aparcadas las bicis, y viendo las vistas de la playa de la Concha, adem\u00e1s de una peque\u00f1a islita con un Santo en lo alto (accesible desde la parte vieja) recorremos est\u00e1 playa entre bonitos edificios y palacetes hasta la llegada al otro lado de la ciudad para visitar algo muy famoso de este lugar&#8230;<\/p>\n\n\n\n<figure class=\"wp-block-image size-large\"><img loading=\"lazy\" decoding=\"async\" width=\"768\" height=\"1024\" src=\"https:\/\/www.seferintrip.com\/wp-content\/uploads\/2024\/09\/img_20240821_1818302274201228275898870-768x1024.jpg\" alt=\"\" class=\"wp-image-183\" srcset=\"https:\/\/www.seferintrip.com\/wp-content\/uploads\/2024\/09\/img_20240821_1818302274201228275898870-768x1024.jpg 768w, https:\/\/www.seferintrip.com\/wp-content\/uploads\/2024\/09\/img_20240821_1818302274201228275898870-225x300.jpg 225w, https:\/\/www.seferintrip.com\/wp-content\/uploads\/2024\/09\/img_20240821_1818302274201228275898870-1152x1536.jpg 1152w, https:\/\/www.seferintrip.com\/wp-content\/uploads\/2024\/09\/img_20240821_1818302274201228275898870.jpg 1500w\" sizes=\"auto, (max-width: 768px) 100vw, 768px\" \/><\/figure>\n\n\n\n<p> \u00abEl peine del viento\u00bb de Eduardo Chillida, un escultor que entre la ayuda de un arquitecto (que fue el que dise\u00f1o la plaza en la que se sit\u00faa el monumento) , ingenieros y otros dise\u00f1adores art\u00edsticos, mediante una colaboraci\u00f3n llegaron a construir este monumento art\u00edstico, con la idea de unir el arte, junto naturaleza y ciudad mediante un peine que las una. <\/p>\n\n\n\n<p>Despu\u00e9s, tras apreciar unas bonitas vistas subimos en funicular \ud83d\udea0 hacia el parque de atracciones del Monte Igueldo, donde disfrutamos unas impactantes e impresionantes vistas hacia la ciudad de San Sebasti\u00e1n y sus alrededores a la vez que nos montamos en peque\u00f1as pero al mismo tiempo encantadoras atracciones.<\/p>\n\n\n\n<figure class=\"wp-block-image size-large\"><img loading=\"lazy\" decoding=\"async\" width=\"1024\" height=\"769\" src=\"https:\/\/www.seferintrip.com\/wp-content\/uploads\/2024\/09\/img_20240821_1917134600801398678020696-1024x769.jpg\" alt=\"\" class=\"wp-image-184\" srcset=\"https:\/\/www.seferintrip.com\/wp-content\/uploads\/2024\/09\/img_20240821_1917134600801398678020696-1024x769.jpg 1024w, https:\/\/www.seferintrip.com\/wp-content\/uploads\/2024\/09\/img_20240821_1917134600801398678020696-300x225.jpg 300w, https:\/\/www.seferintrip.com\/wp-content\/uploads\/2024\/09\/img_20240821_1917134600801398678020696-768x577.jpg 768w, https:\/\/www.seferintrip.com\/wp-content\/uploads\/2024\/09\/img_20240821_1917134600801398678020696-1536x1154.jpg 1536w, https:\/\/www.seferintrip.com\/wp-content\/uploads\/2024\/09\/img_20240821_1917134600801398678020696.jpg 1999w\" sizes=\"auto, (max-width: 1024px) 100vw, 1024px\" \/><\/figure>\n\n\n\n<p>Finalmente, emprendemos camino de vuelta hacia el centro donde vemos un espectacular atardecer entre montes y playa.<\/p>\n\n\n\n<p>Y ya nos dirigimos al puerto\u00a0 de San Sebasti\u00e1n, al lado de la parte antigua de la ciudad\u00a0 (rodeada por una murallita) para cenar unas pizzas disfrutando bajo las luces de esta playa.<\/p>\n\n\n\n<figure class=\"wp-block-image size-large\"><img loading=\"lazy\" decoding=\"async\" width=\"1024\" height=\"768\" src=\"https:\/\/www.seferintrip.com\/wp-content\/uploads\/2024\/09\/img_20240821_2136125548043544024275704-1024x768.jpg\" alt=\"\" class=\"wp-image-185\" srcset=\"https:\/\/www.seferintrip.com\/wp-content\/uploads\/2024\/09\/img_20240821_2136125548043544024275704-1024x768.jpg 1024w, https:\/\/www.seferintrip.com\/wp-content\/uploads\/2024\/09\/img_20240821_2136125548043544024275704-300x225.jpg 300w, https:\/\/www.seferintrip.com\/wp-content\/uploads\/2024\/09\/img_20240821_2136125548043544024275704-768x576.jpg 768w, https:\/\/www.seferintrip.com\/wp-content\/uploads\/2024\/09\/img_20240821_2136125548043544024275704-1536x1152.jpg 1536w, https:\/\/www.seferintrip.com\/wp-content\/uploads\/2024\/09\/img_20240821_2136125548043544024275704.jpg 2000w\" sizes=\"auto, (max-width: 1024px) 100vw, 1024px\" \/><\/figure>\n\n\n\n<p>Una vez acabada la cena, bajo las estrellas emprendemos camino devuelta pasando por la gran e inimaginable catedral de San Sebasti\u00e1n, y siguiendo por la v\u00eda verde ciclable(como he nombrado antes, este ciudad es una de las mejores y m\u00e1s preparadas de Espa\u00f1a para poder recorrer en bicicleta). En el camino de vuelta, para finalizar el d\u00eda, llegamos a ver un gran puente decorado con grandes muros blanco,s a la luz de la luna llena, antes de llegar a nuestra peque\u00f1a casita con ruedas.<\/p>\n","protected":false},"excerpt":{"rendered":"<p>Zumaya y San Sebasti\u00e1n Empezamos la ma\u00f1ana dirigi\u00e9ndonos a Zumaya, vemos si Iglesia y sus encantadoras casitas, pero lo m\u00e1s impresionante y famoso de este lugar sin lugar a dudas son los filchs, una extre\u00f1a pero a la vez sorprendente formaci\u00f3n rocosa que se ha ido formando a trav\u00e9s del tiempo. Os lo explico, lo &hellip; <\/p>\n","protected":false},"author":1,"featured_media":80,"comment_status":"open","ping_status":"open","sticky":false,"template":"","format":"standard","meta":{"footnotes":""},"categories":[5,4],"tags":[8,7],"class_list":["post-55","post","type-post","status-publish","format-standard","has-post-thumbnail","hentry","category-summer-trips","category-viajes","tag-8","tag-cuadernos-de-viaje"],"_links":{"self":[{"href":"https:\/\/www.seferintrip.com\/index.php?rest_route=\/wp\/v2\/posts\/55","targetHints":{"allow":["GET"]}}],"collection":[{"href":"https:\/\/www.seferintrip.com\/index.php?rest_route=\/wp\/v2\/posts"}],"about":[{"href":"https:\/\/www.seferintrip.com\/index.php?rest_route=\/wp\/v2\/types\/post"}],"author":[{"embeddable":true,"href":"https:\/\/www.seferintrip.com\/index.php?rest_route=\/wp\/v2\/users\/1"}],"replies":[{"embeddable":true,"href":"https:\/\/www.seferintrip.com\/index.php?rest_route=%2Fwp%2Fv2%2Fcomments&post=55"}],"version-history":[{"count":5,"href":"https:\/\/www.seferintrip.com\/index.php?rest_route=\/wp\/v2\/posts\/55\/revisions"}],"predecessor-version":[{"id":186,"href":"https:\/\/www.seferintrip.com\/index.php?rest_route=\/wp\/v2\/posts\/55\/revisions\/186"}],"wp:featuredmedia":[{"embeddable":true,"href":"https:\/\/www.seferintrip.com\/index.php?rest_route=\/wp\/v2\/media\/80"}],"wp:attachment":[{"href":"https:\/\/www.seferintrip.com\/index.php?rest_route=%2Fwp%2Fv2%2Fmedia&parent=55"}],"wp:term":[{"taxonomy":"category","embeddable":true,"href":"https:\/\/www.seferintrip.com\/index.php?rest_route=%2Fwp%2Fv2%2Fcategories&post=55"},{"taxonomy":"post_tag","embeddable":true,"href":"https:\/\/www.seferintrip.com\/index.php?rest_route=%2Fwp%2Fv2%2Ftags&post=55"}],"curies":[{"name":"wp","href":"https:\/\/api.w.org\/{rel}","templated":true}]}}