{"id":57,"date":"2024-09-17T18:33:46","date_gmt":"2024-09-17T16:33:46","guid":{"rendered":"https:\/\/www.seferintrip.com\/?p=57"},"modified":"2024-09-29T16:08:03","modified_gmt":"2024-09-29T14:08:03","slug":"%e2%9c%a8viaje-verano-2024%e2%9c%a8-22-de-agosto","status":"publish","type":"post","link":"https:\/\/www.seferintrip.com\/?p=57","title":{"rendered":"\u2728VIAJE VERANO 2024\u2728 22 de Agosto Hondarribia &#8211; Capbreron"},"content":{"rendered":"\n<p>Camino a las Landas (Francia)<\/p>\n\n\n\n<p>Hoy amanecemos en San Sebasti\u00e1n, pero nos dirigimos hacia Hondorrieta, un pueblo muy t\u00edpico con pisitos coloridos, callecitas y peculiares\u00a0 encantadoras casas junto a una bonita playa y un puerto que vimos por el camino hac\u00eda sus afueras, donde llegaremos por sorpresa a\u00a0 los curiosos (filchs) de Hondarribia a sus afueras.<\/p>\n\n\n\n<figure class=\"wp-block-image size-large\"><img loading=\"lazy\" decoding=\"async\" width=\"1024\" height=\"768\" src=\"https:\/\/www.seferintrip.com\/wp-content\/uploads\/2024\/09\/img_20240822_13502436824408814857833-1024x768.jpg\" alt=\"\" class=\"wp-image-189\" srcset=\"https:\/\/www.seferintrip.com\/wp-content\/uploads\/2024\/09\/img_20240822_13502436824408814857833-1024x768.jpg 1024w, https:\/\/www.seferintrip.com\/wp-content\/uploads\/2024\/09\/img_20240822_13502436824408814857833-300x225.jpg 300w, https:\/\/www.seferintrip.com\/wp-content\/uploads\/2024\/09\/img_20240822_13502436824408814857833-768x576.jpg 768w, https:\/\/www.seferintrip.com\/wp-content\/uploads\/2024\/09\/img_20240822_13502436824408814857833-1536x1152.jpg 1536w, https:\/\/www.seferintrip.com\/wp-content\/uploads\/2024\/09\/img_20240822_13502436824408814857833.jpg 2000w\" sizes=\"auto, (max-width: 1024px) 100vw, 1024px\" \/><\/figure>\n\n\n\n<p>Hicimos una excursi\u00f3n entre \u00e1rboles y vegetaci\u00f3n (preciosa) donde aprend\u00ed que en este lugar del Pa\u00eds Vasco es uno de los m\u00e1s h\u00famedos de la zona y hay muchas especies interesantes adaptadas a este clima, pero a la vez emigran otras sin ser este uno de sus climas subsistables y las tienen que apartarlas. <\/p>\n\n\n\n<p>Despu\u00e9s de pasear acabamos encontrando una gran\u00a0 playa rocosa con acantilados en medio de la vegetaci\u00f3n, y como cont\u00e1bamos con algunos lugare\u00f1os que paseaban por all\u00ed nos dijeron que nos pod\u00edamos ba\u00f1ar en una peque\u00f1a playita que se formaba entre las imponentes rocas antes de que subiese la marea, as\u00ed que, como ya adivinareis, pasamos la ma\u00f1ana en este natural e inesperado lugar junto a gigantes formaciones rocosas y un gran mar.<\/p>\n\n\n\n<figure class=\"wp-block-image size-large\"><img loading=\"lazy\" decoding=\"async\" width=\"1024\" height=\"684\" src=\"https:\/\/www.seferintrip.com\/wp-content\/uploads\/2024\/09\/img-20240822-wa0012972572592585966528-1024x684.jpg\" alt=\"\" class=\"wp-image-190\" srcset=\"https:\/\/www.seferintrip.com\/wp-content\/uploads\/2024\/09\/img-20240822-wa0012972572592585966528-1024x684.jpg 1024w, https:\/\/www.seferintrip.com\/wp-content\/uploads\/2024\/09\/img-20240822-wa0012972572592585966528-300x200.jpg 300w, https:\/\/www.seferintrip.com\/wp-content\/uploads\/2024\/09\/img-20240822-wa0012972572592585966528-768x513.jpg 768w, https:\/\/www.seferintrip.com\/wp-content\/uploads\/2024\/09\/img-20240822-wa0012972572592585966528-1536x1026.jpg 1536w, https:\/\/www.seferintrip.com\/wp-content\/uploads\/2024\/09\/img-20240822-wa0012972572592585966528.jpg 2000w\" sizes=\"auto, (max-width: 1024px) 100vw, 1024px\" \/><\/figure>\n\n\n\n<p>A la hora de la comida, encontramos un sitio para comer en la vegetaci\u00f3n al lado del faro de Hondarribia. Despu\u00e9s de esto, decidimos emprender ya otra nueva parte de nuestro viaje, por lo que nos dirigimos hacia el suroeste de\u00a0 Francia, una zona concretamente conocida como \u00bb Las Landas\u00bb, y finalmente, llegamos a Capbreton, un t\u00edpico pueblecito Franc\u00e9s que recorrimos con la autocaravana empezando a ver ya las tipicas construcciones de casas de una planta del suroeste de Francia, tambi\u00e9n con un gran puerto, y pasamos la tarde en la playa del \u00abOcean\u00bb.<\/p>\n\n\n\n<figure class=\"wp-block-image size-large\"><img loading=\"lazy\" decoding=\"async\" width=\"1024\" height=\"768\" src=\"https:\/\/www.seferintrip.com\/wp-content\/uploads\/2024\/09\/img-20240929-wa00082447176249783125062-1024x768.jpg\" alt=\"\" class=\"wp-image-191\" srcset=\"https:\/\/www.seferintrip.com\/wp-content\/uploads\/2024\/09\/img-20240929-wa00082447176249783125062-1024x768.jpg 1024w, https:\/\/www.seferintrip.com\/wp-content\/uploads\/2024\/09\/img-20240929-wa00082447176249783125062-300x225.jpg 300w, https:\/\/www.seferintrip.com\/wp-content\/uploads\/2024\/09\/img-20240929-wa00082447176249783125062-768x576.jpg 768w, https:\/\/www.seferintrip.com\/wp-content\/uploads\/2024\/09\/img-20240929-wa00082447176249783125062-1536x1152.jpg 1536w, https:\/\/www.seferintrip.com\/wp-content\/uploads\/2024\/09\/img-20240929-wa00082447176249783125062.jpg 2000w\" sizes=\"auto, (max-width: 1024px) 100vw, 1024px\" \/><\/figure>\n\n\n\n<p> Llamada as\u00ed ya que da directamente al Oc\u00e9ano Atl\u00e1ntico, es tambi\u00e9n una playa muy t\u00edpica entre los surfistas, ya que tiene unas unas marcadas olas, en la que nosotros simplemente disfrutamos refrescandonos un poco en las peque\u00f1as islas de agua que formaban est\u00e1s en la zona de arena.<\/p>\n\n\n\n<figure class=\"wp-block-image size-large\"><img loading=\"lazy\" decoding=\"async\" width=\"1024\" height=\"769\" src=\"https:\/\/www.seferintrip.com\/wp-content\/uploads\/2024\/09\/img-20240929-wa00074601808617722757464-1024x769.jpg\" alt=\"\" class=\"wp-image-192\" srcset=\"https:\/\/www.seferintrip.com\/wp-content\/uploads\/2024\/09\/img-20240929-wa00074601808617722757464-1024x769.jpg 1024w, https:\/\/www.seferintrip.com\/wp-content\/uploads\/2024\/09\/img-20240929-wa00074601808617722757464-300x225.jpg 300w, https:\/\/www.seferintrip.com\/wp-content\/uploads\/2024\/09\/img-20240929-wa00074601808617722757464-768x576.jpg 768w, https:\/\/www.seferintrip.com\/wp-content\/uploads\/2024\/09\/img-20240929-wa00074601808617722757464-1536x1153.jpg 1536w, https:\/\/www.seferintrip.com\/wp-content\/uploads\/2024\/09\/img-20240929-wa00074601808617722757464.jpg 1600w\" sizes=\"auto, (max-width: 1024px) 100vw, 1024px\" \/><\/figure>\n","protected":false},"excerpt":{"rendered":"<p>Camino a las Landas (Francia) Hoy amanecemos en San Sebasti\u00e1n, pero nos dirigimos hacia Hondorrieta, un pueblo muy t\u00edpico con pisitos coloridos, callecitas y peculiares\u00a0 encantadoras casas junto a una bonita playa y un puerto que vimos por el camino hac\u00eda sus afueras, donde llegaremos por sorpresa a\u00a0 los curiosos (filchs) de Hondarribia a sus &hellip; <\/p>\n","protected":false},"author":1,"featured_media":81,"comment_status":"open","ping_status":"open","sticky":false,"template":"","format":"standard","meta":{"footnotes":""},"categories":[5,4],"tags":[8,7],"class_list":["post-57","post","type-post","status-publish","format-standard","has-post-thumbnail","hentry","category-summer-trips","category-viajes","tag-8","tag-cuadernos-de-viaje"],"_links":{"self":[{"href":"https:\/\/www.seferintrip.com\/index.php?rest_route=\/wp\/v2\/posts\/57","targetHints":{"allow":["GET"]}}],"collection":[{"href":"https:\/\/www.seferintrip.com\/index.php?rest_route=\/wp\/v2\/posts"}],"about":[{"href":"https:\/\/www.seferintrip.com\/index.php?rest_route=\/wp\/v2\/types\/post"}],"author":[{"embeddable":true,"href":"https:\/\/www.seferintrip.com\/index.php?rest_route=\/wp\/v2\/users\/1"}],"replies":[{"embeddable":true,"href":"https:\/\/www.seferintrip.com\/index.php?rest_route=%2Fwp%2Fv2%2Fcomments&post=57"}],"version-history":[{"count":4,"href":"https:\/\/www.seferintrip.com\/index.php?rest_route=\/wp\/v2\/posts\/57\/revisions"}],"predecessor-version":[{"id":193,"href":"https:\/\/www.seferintrip.com\/index.php?rest_route=\/wp\/v2\/posts\/57\/revisions\/193"}],"wp:featuredmedia":[{"embeddable":true,"href":"https:\/\/www.seferintrip.com\/index.php?rest_route=\/wp\/v2\/media\/81"}],"wp:attachment":[{"href":"https:\/\/www.seferintrip.com\/index.php?rest_route=%2Fwp%2Fv2%2Fmedia&parent=57"}],"wp:term":[{"taxonomy":"category","embeddable":true,"href":"https:\/\/www.seferintrip.com\/index.php?rest_route=%2Fwp%2Fv2%2Fcategories&post=57"},{"taxonomy":"post_tag","embeddable":true,"href":"https:\/\/www.seferintrip.com\/index.php?rest_route=%2Fwp%2Fv2%2Ftags&post=57"}],"curies":[{"name":"wp","href":"https:\/\/api.w.org\/{rel}","templated":true}]}}