{"id":59,"date":"2024-09-17T18:35:18","date_gmt":"2024-09-17T16:35:18","guid":{"rendered":"https:\/\/www.seferintrip.com\/?p=59"},"modified":"2024-09-29T16:41:43","modified_gmt":"2024-09-29T14:41:43","slug":"%e2%9c%a8viaje-verano-2024%e2%9c%a8-23-de-agosto","status":"publish","type":"post","link":"https:\/\/www.seferintrip.com\/?p=59","title":{"rendered":"\u2728VIAJE VERANO 2024\u2728 23 de Agosto. Lago de Azu &#8211; Moliets &#8211; Le\u00f3n."},"content":{"rendered":"\n<p>Buenos d\u00edas, hoy amanecemos en el \u00abPonton del lago de Azu\u00bb, un sitio muy bonito donde pasamos una temaprana ma\u00f1ana muy agradable rodeados de bosque y agua, e incluso pescamos.<\/p>\n\n\n\n<figure class=\"wp-block-image size-large\"><img loading=\"lazy\" decoding=\"async\" width=\"769\" height=\"1024\" src=\"https:\/\/www.seferintrip.com\/wp-content\/uploads\/2024\/09\/img-20240929-wa00102146538035129909382-769x1024.jpg\" alt=\"\" class=\"wp-image-194\" srcset=\"https:\/\/www.seferintrip.com\/wp-content\/uploads\/2024\/09\/img-20240929-wa00102146538035129909382-769x1024.jpg 769w, https:\/\/www.seferintrip.com\/wp-content\/uploads\/2024\/09\/img-20240929-wa00102146538035129909382-225x300.jpg 225w, https:\/\/www.seferintrip.com\/wp-content\/uploads\/2024\/09\/img-20240929-wa00102146538035129909382-768x1023.jpg 768w, https:\/\/www.seferintrip.com\/wp-content\/uploads\/2024\/09\/img-20240929-wa00102146538035129909382-1153x1536.jpg 1153w, https:\/\/www.seferintrip.com\/wp-content\/uploads\/2024\/09\/img-20240929-wa00102146538035129909382.jpg 1201w\" sizes=\"auto, (max-width: 769px) 100vw, 769px\" \/><\/figure>\n\n\n\n<p>Luego, comenzamos otra nueva ruta en bicicleta desde Leon a Moliete -et- maas, qued\u00e1ndonos en una fant\u00e1stica \u00e1rea de autocaravanas cercana.<\/p>\n\n\n\n<p>Cogimos las bicis y primero pasamos por Leon, visitamos su Iglesia junto a un mercadillo muy t\u00edpico que encontramos, y sus casitas del centro, seguiremos por una v\u00eda verde \ud83d\udc9a preciosa, hasta llegar a la playa de de Moliete, una INMENSA playa&nbsp; donde podremos encontrar la Corriente de Huchet, una corriente que cuenta con una longitud de unos 9 km, bordea el oc\u00e9ano y atraviesa bosques, marismas, turberas y paisajes de dunas.&nbsp; <\/p>\n\n\n\n<p>Da su comienzo en el Lago de Leon ( al lado del \u00e1rea en la que pernoctaremos), y termina desembocando en el Oc\u00e9ano Atl\u00e1ntico en la desembocadura situada al norte de la playa de Moliets. Pasamos aqu\u00ed un buen rato, es una playa surfera, y la aprovechamos jugando entre olas, disfrutamos mucho la llegada de cuatro rompeolas a la vez con los surfistas, aunque tambi\u00e9n se forman arroyos de estas aguas\u00a0 en otras partes por si luego te apetece relajarte sin olas, eso s\u00ed, \u00a1ten \u26a0\ufe0f cuidado si cruzas las corrientes!<\/p>\n\n\n\n<figure class=\"wp-block-image size-large\"><img loading=\"lazy\" decoding=\"async\" width=\"1024\" height=\"461\" src=\"https:\/\/www.seferintrip.com\/wp-content\/uploads\/2024\/09\/img_20240823_142529_15073126017785429162-1024x461.jpg\" alt=\"\" class=\"wp-image-196\" srcset=\"https:\/\/www.seferintrip.com\/wp-content\/uploads\/2024\/09\/img_20240823_142529_15073126017785429162-1024x461.jpg 1024w, https:\/\/www.seferintrip.com\/wp-content\/uploads\/2024\/09\/img_20240823_142529_15073126017785429162-300x135.jpg 300w, https:\/\/www.seferintrip.com\/wp-content\/uploads\/2024\/09\/img_20240823_142529_15073126017785429162-768x346.jpg 768w, https:\/\/www.seferintrip.com\/wp-content\/uploads\/2024\/09\/img_20240823_142529_15073126017785429162-1536x691.jpg 1536w, https:\/\/www.seferintrip.com\/wp-content\/uploads\/2024\/09\/img_20240823_142529_15073126017785429162.jpg 2000w\" sizes=\"auto, (max-width: 1024px) 100vw, 1024px\" \/><\/figure>\n\n\n\n<p>Por la tarde, visitamos m\u00e1s el pueblo de Moliete, con muchos comercios y sitios para comer en un paseo directo a la playa de este pueblo , pero lo m\u00e1s impresionante, es la plaza con comercios y tiendas surferas, (donde nos comimos unas hamburguesas), y ya devuelta a Leon pasando tambi\u00e9n la v\u00eda verde. <\/p>\n\n\n\n<p>Finalmente, volvimos el centro del pueblo de Leon, en el que ya hab\u00edan quitado el mercadillo por lo cual se ve\u00eda muy diferente pero a la vez bonito, con una escultura en la rotonda y casitas muy bonitas y peculiares que fuimos encontrando por el camino. <\/p>\n\n\n\n<p>Hicimos una paradita en un caf\u00e9 para merendar all\u00ed, y seguimos hasta recorrer el Lago Leon, (ya que se situaba cerca de la autocaravana) entre vegetaci\u00f3n y sombras, disfrutamos de pasarelas pintorescas y acabamos el d\u00eda con un ba\u00f1o al atardecer en el Lago Leon.<\/p>\n\n\n\n<figure class=\"wp-block-image size-large\"><img loading=\"lazy\" decoding=\"async\" width=\"1024\" height=\"461\" src=\"https:\/\/www.seferintrip.com\/wp-content\/uploads\/2024\/09\/img_20240823_2049496987686825578474874-1024x461.jpg\" alt=\"\" class=\"wp-image-197\" srcset=\"https:\/\/www.seferintrip.com\/wp-content\/uploads\/2024\/09\/img_20240823_2049496987686825578474874-1024x461.jpg 1024w, https:\/\/www.seferintrip.com\/wp-content\/uploads\/2024\/09\/img_20240823_2049496987686825578474874-300x135.jpg 300w, https:\/\/www.seferintrip.com\/wp-content\/uploads\/2024\/09\/img_20240823_2049496987686825578474874-768x346.jpg 768w, https:\/\/www.seferintrip.com\/wp-content\/uploads\/2024\/09\/img_20240823_2049496987686825578474874-1536x691.jpg 1536w, https:\/\/www.seferintrip.com\/wp-content\/uploads\/2024\/09\/img_20240823_2049496987686825578474874.jpg 2000w\" sizes=\"auto, (max-width: 1024px) 100vw, 1024px\" \/><\/figure>\n","protected":false},"excerpt":{"rendered":"<p>Buenos d\u00edas, hoy amanecemos en el \u00abPonton del lago de Azu\u00bb, un sitio muy bonito donde pasamos una temaprana ma\u00f1ana muy agradable rodeados de bosque y agua, e incluso pescamos. Luego, comenzamos otra nueva ruta en bicicleta desde Leon a Moliete -et- maas, qued\u00e1ndonos en una fant\u00e1stica \u00e1rea de autocaravanas cercana. Cogimos las bicis y &hellip; <\/p>\n","protected":false},"author":1,"featured_media":82,"comment_status":"open","ping_status":"open","sticky":false,"template":"","format":"standard","meta":{"footnotes":""},"categories":[5,4],"tags":[8,7],"class_list":["post-59","post","type-post","status-publish","format-standard","has-post-thumbnail","hentry","category-summer-trips","category-viajes","tag-8","tag-cuadernos-de-viaje"],"_links":{"self":[{"href":"https:\/\/www.seferintrip.com\/index.php?rest_route=\/wp\/v2\/posts\/59","targetHints":{"allow":["GET"]}}],"collection":[{"href":"https:\/\/www.seferintrip.com\/index.php?rest_route=\/wp\/v2\/posts"}],"about":[{"href":"https:\/\/www.seferintrip.com\/index.php?rest_route=\/wp\/v2\/types\/post"}],"author":[{"embeddable":true,"href":"https:\/\/www.seferintrip.com\/index.php?rest_route=\/wp\/v2\/users\/1"}],"replies":[{"embeddable":true,"href":"https:\/\/www.seferintrip.com\/index.php?rest_route=%2Fwp%2Fv2%2Fcomments&post=59"}],"version-history":[{"count":5,"href":"https:\/\/www.seferintrip.com\/index.php?rest_route=\/wp\/v2\/posts\/59\/revisions"}],"predecessor-version":[{"id":198,"href":"https:\/\/www.seferintrip.com\/index.php?rest_route=\/wp\/v2\/posts\/59\/revisions\/198"}],"wp:featuredmedia":[{"embeddable":true,"href":"https:\/\/www.seferintrip.com\/index.php?rest_route=\/wp\/v2\/media\/82"}],"wp:attachment":[{"href":"https:\/\/www.seferintrip.com\/index.php?rest_route=%2Fwp%2Fv2%2Fmedia&parent=59"}],"wp:term":[{"taxonomy":"category","embeddable":true,"href":"https:\/\/www.seferintrip.com\/index.php?rest_route=%2Fwp%2Fv2%2Fcategories&post=59"},{"taxonomy":"post_tag","embeddable":true,"href":"https:\/\/www.seferintrip.com\/index.php?rest_route=%2Fwp%2Fv2%2Ftags&post=59"}],"curies":[{"name":"wp","href":"https:\/\/api.w.org\/{rel}","templated":true}]}}