{"id":62,"date":"2024-09-17T18:38:02","date_gmt":"2024-09-17T16:38:02","guid":{"rendered":"https:\/\/www.seferintrip.com\/?p=62"},"modified":"2024-09-29T22:41:18","modified_gmt":"2024-09-29T20:41:18","slug":"%e2%9c%a8viaje-verano-2024%e2%9c%a8-24-de-agosto","status":"publish","type":"post","link":"https:\/\/www.seferintrip.com\/?p=62","title":{"rendered":"\u2728VIAJE VERANO 2024\u2728 24 de Agosto. Acualand"},"content":{"rendered":"\n<p>Hoy nos toca&#8230; \u00a1Parque acu\u00e1tico! Emprendimos camino temprano hacia Alcachon, para pasar el d\u00eda en el parque acu\u00e1tico \u2728Acualand\u2728. <\/p>\n\n\n\n<p>Nos divertimos mucho en estas atracciones acu\u00e1ticas, y como es ya t\u00edpico en nosotros, no paramos en todo el d\u00eda&#8230; visitamos las cuatro secciones de todo el parque y nos tiramos de todos los toboganes un par de veces\ud83e\udd73.<\/p>\n\n\n\n<p>los franceses se iban del paque muy pronto, por lo que\u00a0 nosotros aprovechamos y las \u00faltimas horas no hicimos nada de cola!<\/p>\n\n\n\n<figure class=\"wp-block-image size-large\"><img loading=\"lazy\" decoding=\"async\" width=\"1024\" height=\"768\" src=\"https:\/\/www.seferintrip.com\/wp-content\/uploads\/2024\/09\/img-20240824-wa00105669317063848547031-1024x768.jpg\" alt=\"\" class=\"wp-image-200\" srcset=\"https:\/\/www.seferintrip.com\/wp-content\/uploads\/2024\/09\/img-20240824-wa00105669317063848547031-1024x768.jpg 1024w, https:\/\/www.seferintrip.com\/wp-content\/uploads\/2024\/09\/img-20240824-wa00105669317063848547031-300x225.jpg 300w, https:\/\/www.seferintrip.com\/wp-content\/uploads\/2024\/09\/img-20240824-wa00105669317063848547031-768x576.jpg 768w, https:\/\/www.seferintrip.com\/wp-content\/uploads\/2024\/09\/img-20240824-wa00105669317063848547031-1536x1152.jpg 1536w, https:\/\/www.seferintrip.com\/wp-content\/uploads\/2024\/09\/img-20240824-wa00105669317063848547031.jpg 1600w\" sizes=\"auto, (max-width: 1024px) 100vw, 1024px\" \/><\/figure>\n\n\n\n<p>Nos montamos por:<\/p>\n\n\n\n<p>\u00abLas Garbanzoss\u00bb<\/p>\n\n\n\n<p>El Black Hole<\/p>\n\n\n\n<p>Las Alfombrillas<\/p>\n\n\n\n<p>La Serpiente<\/p>\n\n\n\n<p>La U<\/p>\n\n\n\n<p>El Boomerang<\/p>\n\n\n\n<p>El Tornado<\/p>\n\n\n\n<p>Tadeo Johns 1<\/p>\n\n\n\n<p>Tadeo Johns 2<\/p>\n\n\n\n<p>Piscina de olas<\/p>\n\n\n\n<p>Fiesta de la espuma \ud83d\ude02 (por sorpresa)<\/p>\n\n\n\n<p>Jacuzzi+ paseo por roscos<\/p>\n\n\n\n<figure class=\"wp-block-image size-large\"><img loading=\"lazy\" decoding=\"async\" width=\"1024\" height=\"768\" src=\"https:\/\/www.seferintrip.com\/wp-content\/uploads\/2024\/09\/img-20240824-wa00086106209430312929708-1024x768.jpg\" alt=\"\" class=\"wp-image-199\" srcset=\"https:\/\/www.seferintrip.com\/wp-content\/uploads\/2024\/09\/img-20240824-wa00086106209430312929708-1024x768.jpg 1024w, https:\/\/www.seferintrip.com\/wp-content\/uploads\/2024\/09\/img-20240824-wa00086106209430312929708-300x225.jpg 300w, https:\/\/www.seferintrip.com\/wp-content\/uploads\/2024\/09\/img-20240824-wa00086106209430312929708-768x576.jpg 768w, https:\/\/www.seferintrip.com\/wp-content\/uploads\/2024\/09\/img-20240824-wa00086106209430312929708-1536x1152.jpg 1536w, https:\/\/www.seferintrip.com\/wp-content\/uploads\/2024\/09\/img-20240824-wa00086106209430312929708.jpg 1600w\" sizes=\"auto, (max-width: 1024px) 100vw, 1024px\" \/><\/figure>\n\n\n\n<p>A partir de las siete, tenemos que decir que est\u00e1bamos cansados, pero decidimos visitar y quedarnos a pernoctar en la \u2728Bah\u00eda de Alcachon\u2728.<\/p>\n\n\n\n<p>La recorrimos en bicicleta, ya que la v\u00eda ciclable de esta ciudad esta muy organizada y es bastante bonita. Tambi\u00e9n debemos de saber que esta ciudad se divide en diversas Villas con el nombre de las cuatro estaciones, lo cual es a las vez tan\u00a0 curioso como original y precioso.<\/p>\n\n\n\n<figure class=\"wp-block-image size-large\"><img loading=\"lazy\" decoding=\"async\" width=\"1024\" height=\"461\" src=\"https:\/\/www.seferintrip.com\/wp-content\/uploads\/2024\/09\/img_20240824_2052185555909747189191816-1024x461.jpg\" alt=\"\" class=\"wp-image-202\" srcset=\"https:\/\/www.seferintrip.com\/wp-content\/uploads\/2024\/09\/img_20240824_2052185555909747189191816-1024x461.jpg 1024w, https:\/\/www.seferintrip.com\/wp-content\/uploads\/2024\/09\/img_20240824_2052185555909747189191816-300x135.jpg 300w, https:\/\/www.seferintrip.com\/wp-content\/uploads\/2024\/09\/img_20240824_2052185555909747189191816-768x346.jpg 768w, https:\/\/www.seferintrip.com\/wp-content\/uploads\/2024\/09\/img_20240824_2052185555909747189191816-1536x691.jpg 1536w, https:\/\/www.seferintrip.com\/wp-content\/uploads\/2024\/09\/img_20240824_2052185555909747189191816.jpg 2000w\" sizes=\"auto, (max-width: 1024px) 100vw, 1024px\" \/><\/figure>\n\n\n\n<p>Nosotros empezamos el recorrido por la v\u00eda ciclable pasando por \u00abLa Villa de Invierno\u00bb, en la cual hab\u00eda un barrio de casas se\u00f1oriales, decorativas, construcciones llamativas, y por supuesto, con un encanto especial. Recorrimos el camino, hasta que nos desviamos un poco para llegar hasta la Torre del Observatorio, (que se situaba casi al lado de una zona verde muy bonita), donde pudimos apreciar unas impresionantes vistas de toda la ciudad, un plan que no te puedes perder si visitas Alcachon,<\/p>\n\n\n\n<figure class=\"wp-block-image size-large\"><img loading=\"lazy\" decoding=\"async\" width=\"1024\" height=\"768\" src=\"https:\/\/www.seferintrip.com\/wp-content\/uploads\/2024\/09\/img-20240929-wa00248729076068562298163-1024x768.jpg\" alt=\"\" class=\"wp-image-203\" srcset=\"https:\/\/www.seferintrip.com\/wp-content\/uploads\/2024\/09\/img-20240929-wa00248729076068562298163-1024x768.jpg 1024w, https:\/\/www.seferintrip.com\/wp-content\/uploads\/2024\/09\/img-20240929-wa00248729076068562298163-300x225.jpg 300w, https:\/\/www.seferintrip.com\/wp-content\/uploads\/2024\/09\/img-20240929-wa00248729076068562298163-768x576.jpg 768w, https:\/\/www.seferintrip.com\/wp-content\/uploads\/2024\/09\/img-20240929-wa00248729076068562298163-1536x1152.jpg 1536w, https:\/\/www.seferintrip.com\/wp-content\/uploads\/2024\/09\/img-20240929-wa00248729076068562298163.jpg 2000w\" sizes=\"auto, (max-width: 1024px) 100vw, 1024px\" \/><\/figure>\n\n\n\n<p>Seguimos pasando por casitas muy bonitas hasta llegar a ver su Catedral, donde cogimos un camino que nos llevaba directamente hacia la otra parte de la ciudad, \u00abLa Villa de Verano\u00bb, donde acabamos en un puerto con muchos pescadores all\u00ed\u00a0 apreciando un atardecer entre nubes y el color del cielo rosado.<\/p>\n\n\n\n<figure class=\"wp-block-image size-large\"><img loading=\"lazy\" decoding=\"async\" width=\"1024\" height=\"768\" src=\"https:\/\/www.seferintrip.com\/wp-content\/uploads\/2024\/09\/img_20240824_2101084721416680002551914-1024x768.jpg\" alt=\"\" class=\"wp-image-205\" srcset=\"https:\/\/www.seferintrip.com\/wp-content\/uploads\/2024\/09\/img_20240824_2101084721416680002551914-1024x768.jpg 1024w, https:\/\/www.seferintrip.com\/wp-content\/uploads\/2024\/09\/img_20240824_2101084721416680002551914-300x225.jpg 300w, https:\/\/www.seferintrip.com\/wp-content\/uploads\/2024\/09\/img_20240824_2101084721416680002551914-768x576.jpg 768w, https:\/\/www.seferintrip.com\/wp-content\/uploads\/2024\/09\/img_20240824_2101084721416680002551914-1536x1152.jpg 1536w, https:\/\/www.seferintrip.com\/wp-content\/uploads\/2024\/09\/img_20240824_2101084721416680002551914.jpg 2000w\" sizes=\"auto, (max-width: 1024px) 100vw, 1024px\" \/><\/figure>\n\n\n\n<p>Seguimos por el paseo mar\u00edtimo entre \u00e1rboles al lado del hasta llegar a una estocada, que es un camino que sale del puerto hacia el mar donde vimos unas maravillosas vistas con nuestras bicis al lado \ud83d\udeb2, en esta ciudad&nbsp; se sit\u00faan unas peque\u00f1as casas muy famosas de por aqu\u00ed en el mar al otro lado, en las que puedes visitar en barco. <\/p>\n\n\n\n<figure class=\"wp-block-image size-large\"><img loading=\"lazy\" decoding=\"async\" width=\"1024\" height=\"759\" src=\"https:\/\/www.seferintrip.com\/wp-content\/uploads\/2024\/09\/img-20240825-wa0000586998640790177361-1024x759.jpg\" alt=\"\" class=\"wp-image-204\" srcset=\"https:\/\/www.seferintrip.com\/wp-content\/uploads\/2024\/09\/img-20240825-wa0000586998640790177361-1024x759.jpg 1024w, https:\/\/www.seferintrip.com\/wp-content\/uploads\/2024\/09\/img-20240825-wa0000586998640790177361-300x222.jpg 300w, https:\/\/www.seferintrip.com\/wp-content\/uploads\/2024\/09\/img-20240825-wa0000586998640790177361-768x569.jpg 768w, https:\/\/www.seferintrip.com\/wp-content\/uploads\/2024\/09\/img-20240825-wa0000586998640790177361-1536x1139.jpg 1536w, https:\/\/www.seferintrip.com\/wp-content\/uploads\/2024\/09\/img-20240825-wa0000586998640790177361.jpg 1600w\" sizes=\"auto, (max-width: 1024px) 100vw, 1024px\" \/><\/figure>\n\n\n\n<p>En esta parte tambi\u00e9n se sit\u00faa el criadero de costras para su recolecci\u00f3n y entregarlas a restaurantes frescas, que es lo que decidimos hacer despu\u00e9s, nos fuimos a cenar este plato t\u00edpico de ostras (aunque tambi\u00e9n las acompa\u00f1amos con un risotto y una pizza) en un restaurante junto al puerto, en la esquina de la calle de los comercios, donde tambi\u00e9n tuvimos la ocasi\u00f3n de disfrutar de un peque\u00f1ito concierto en la plaza antes de la cena.<\/p>\n\n\n\n<p>Se me olvidaba contar que nos encontramos una exposici\u00f3n en la playa con varias esculturas de animales en la arena pintados con spray (muy curioso la verdad). Despu\u00e9s de la cena recogimos las bicis y nos dirigimos para dar una vuelta circular hacia la autocaravana por una pasarela con luces en la playa, preciosa, pasando por un puerto y llegando a la \u00abVilla de Verano\/Primavera\u00bb donde recorrimos casitas playera e incluso encontramos una urbanizaci\u00f3n con casitas grandes azules, rosas y amarillas con un estilo y ambiente muy diferente a la Villa anterior, la verdad es que por aqu\u00ed _<\/p>\n\n\n\n<figure class=\"wp-block-image size-large\"><img loading=\"lazy\" decoding=\"async\" width=\"461\" height=\"1024\" src=\"https:\/\/www.seferintrip.com\/wp-content\/uploads\/2024\/09\/img_20240824_2211382111661247172965148-461x1024.jpg\" alt=\"\" class=\"wp-image-206\" srcset=\"https:\/\/www.seferintrip.com\/wp-content\/uploads\/2024\/09\/img_20240824_2211382111661247172965148-461x1024.jpg 461w, https:\/\/www.seferintrip.com\/wp-content\/uploads\/2024\/09\/img_20240824_2211382111661247172965148-135x300.jpg 135w, https:\/\/www.seferintrip.com\/wp-content\/uploads\/2024\/09\/img_20240824_2211382111661247172965148-768x1707.jpg 768w, https:\/\/www.seferintrip.com\/wp-content\/uploads\/2024\/09\/img_20240824_2211382111661247172965148-691x1536.jpg 691w, https:\/\/www.seferintrip.com\/wp-content\/uploads\/2024\/09\/img_20240824_2211382111661247172965148.jpg 900w\" sizes=\"auto, (max-width: 461px) 100vw, 461px\" \/><\/figure>\n\n\n\n<p>_Y se me olvidaba, antes de esto, decidimos comprarnos unos peque\u00f1os recuerditos del viaje aqu\u00ed.<\/p>\n\n\n\n<p>_disfrutamos de un barrio muy veraniego, en el que a parte de las casitas que acabo de nombrar, encontramos tambi\u00e9n diversos hoteles playeros a la luz de la luna acabando el d\u00eda.<\/p>\n","protected":false},"excerpt":{"rendered":"<p>Hoy nos toca&#8230; \u00a1Parque acu\u00e1tico! Emprendimos camino temprano hacia Alcachon, para pasar el d\u00eda en el parque acu\u00e1tico \u2728Acualand\u2728. Nos divertimos mucho en estas atracciones acu\u00e1ticas, y como es ya t\u00edpico en nosotros, no paramos en todo el d\u00eda&#8230; visitamos las cuatro secciones de todo el parque y nos tiramos de todos los toboganes un &hellip; <\/p>\n","protected":false},"author":1,"featured_media":83,"comment_status":"open","ping_status":"open","sticky":false,"template":"","format":"standard","meta":{"footnotes":""},"categories":[5,4],"tags":[8,7],"class_list":["post-62","post","type-post","status-publish","format-standard","has-post-thumbnail","hentry","category-summer-trips","category-viajes","tag-8","tag-cuadernos-de-viaje"],"_links":{"self":[{"href":"https:\/\/www.seferintrip.com\/index.php?rest_route=\/wp\/v2\/posts\/62","targetHints":{"allow":["GET"]}}],"collection":[{"href":"https:\/\/www.seferintrip.com\/index.php?rest_route=\/wp\/v2\/posts"}],"about":[{"href":"https:\/\/www.seferintrip.com\/index.php?rest_route=\/wp\/v2\/types\/post"}],"author":[{"embeddable":true,"href":"https:\/\/www.seferintrip.com\/index.php?rest_route=\/wp\/v2\/users\/1"}],"replies":[{"embeddable":true,"href":"https:\/\/www.seferintrip.com\/index.php?rest_route=%2Fwp%2Fv2%2Fcomments&post=62"}],"version-history":[{"count":3,"href":"https:\/\/www.seferintrip.com\/index.php?rest_route=\/wp\/v2\/posts\/62\/revisions"}],"predecessor-version":[{"id":207,"href":"https:\/\/www.seferintrip.com\/index.php?rest_route=\/wp\/v2\/posts\/62\/revisions\/207"}],"wp:featuredmedia":[{"embeddable":true,"href":"https:\/\/www.seferintrip.com\/index.php?rest_route=\/wp\/v2\/media\/83"}],"wp:attachment":[{"href":"https:\/\/www.seferintrip.com\/index.php?rest_route=%2Fwp%2Fv2%2Fmedia&parent=62"}],"wp:term":[{"taxonomy":"category","embeddable":true,"href":"https:\/\/www.seferintrip.com\/index.php?rest_route=%2Fwp%2Fv2%2Fcategories&post=62"},{"taxonomy":"post_tag","embeddable":true,"href":"https:\/\/www.seferintrip.com\/index.php?rest_route=%2Fwp%2Fv2%2Ftags&post=62"}],"curies":[{"name":"wp","href":"https:\/\/api.w.org\/{rel}","templated":true}]}}