{"id":64,"date":"2024-09-17T18:39:26","date_gmt":"2024-09-17T16:39:26","guid":{"rendered":"https:\/\/www.seferintrip.com\/?p=64"},"modified":"2024-09-30T09:51:39","modified_gmt":"2024-09-30T07:51:39","slug":"%e2%9c%a8viaje-verano-2024%e2%9c%a8-25-de-agosto","status":"publish","type":"post","link":"https:\/\/www.seferintrip.com\/?p=64","title":{"rendered":"\u2728VIAJE VERANO 2024\u2728 25 de Agosto. Burdeos"},"content":{"rendered":"\n<p>BURDEOS<\/p>\n\n\n\n<p>Hoy vamos ha visitar la peque\u00f1a Peque\u00f1a Par\u00eds, una ciudad muy importante en el sur de Francia&nbsp; ya que aqu\u00ed fue donde el arquitecto George Haussmann&nbsp; se inspir\u00f3 para reformar y modernizar la gran ciudad de Par\u00eds. Un secreto que poca gente conoce, eso s\u00ed, no le dig\u00e1is a los Parisinos, que su cuidad, se puede conocer como: La Gran Burdeos,jejej.<\/p>\n\n\n\n<p>Burdeos fue una ciudad tan importante tambi\u00e9n por su localizaci\u00f3n, ya que ten\u00edan el r\u00edo Garona a un lado para emprender y recibir productos comerciales, pero a parte de esto, su localizaci\u00f3n fue ideal en las guerras de conquista, ya que por el r\u00edo pod\u00edan ver a los enemigos que se acercaban desde lo alto y atacar primero.<\/p>\n\n\n\n<p>Pero bueno&#8230; antes de esto, nos fuimos a otro monumento natural de los m\u00e1s famosos de la zona: \u00bb La Duna del Pilat\u00bb. Una GRAN e inmensa invasi\u00f3n de arena que simula un desierto, aunque con bonitas vistas entre vegetaci\u00f3n y mar a sus lados.<\/p>\n\n\n\n<figure class=\"wp-block-image size-large\"><img loading=\"lazy\" decoding=\"async\" width=\"1024\" height=\"461\" src=\"https:\/\/www.seferintrip.com\/wp-content\/uploads\/2024\/09\/img_20240825_1117346122678467730003833-1024x461.jpg\" alt=\"\" class=\"wp-image-208\" srcset=\"https:\/\/www.seferintrip.com\/wp-content\/uploads\/2024\/09\/img_20240825_1117346122678467730003833-1024x461.jpg 1024w, https:\/\/www.seferintrip.com\/wp-content\/uploads\/2024\/09\/img_20240825_1117346122678467730003833-300x135.jpg 300w, https:\/\/www.seferintrip.com\/wp-content\/uploads\/2024\/09\/img_20240825_1117346122678467730003833-768x346.jpg 768w, https:\/\/www.seferintrip.com\/wp-content\/uploads\/2024\/09\/img_20240825_1117346122678467730003833-1536x691.jpg 1536w, https:\/\/www.seferintrip.com\/wp-content\/uploads\/2024\/09\/img_20240825_1117346122678467730003833.jpg 2000w\" sizes=\"auto, (max-width: 1024px) 100vw, 1024px\" \/><\/figure>\n\n\n\n<p>Est\u00e1 Duna es conocida como la m\u00e1s grande de Europa y llegar\u00e1 a ser tan grande como la regi\u00f3n de \u00abLos Pirineos Franceses\u00bb en 4.000 a\u00f1os, ya que esta Duna es gigantesca y tan solo lleva 400 a\u00f1os desde su formaci\u00f3n, avanzando 5 metros al a\u00f1o.<\/p>\n\n\n\n<p>Esta duna cuenta con un bosque cercano y una especial flora y fauna, pero todo esto alg\u00fan d\u00eda terminara siendo arena, si contamos con la informaci\u00f3n que he contado antes. <\/p>\n\n\n\n<p>Hoy en d\u00eda se ha descubierto que se ha tragado ya varios \u00e1rboles e INCLUSO casas situadas cerca.<\/p>\n\n\n\n<p>Este es un momento especialmente reconocido ya que es precioso y a la vez curioso.<\/p>\n\n\n\n<p>Y ya si, m\u00e1s tarde, comemos en la autocaravana y nos cogeremos en un pueblecito de las afueras de Burdeos,&nbsp; donde pernoctaremos hoy, y paramos en la mism\u00edsima catedral de Burdeos, en la que se cas\u00f3 Leonor de Aquitania.<\/p>\n\n\n\n<figure class=\"wp-block-image size-large\"><img loading=\"lazy\" decoding=\"async\" width=\"461\" height=\"1024\" src=\"https:\/\/www.seferintrip.com\/wp-content\/uploads\/2024\/09\/img_20240825_1652087308756646878699986-461x1024.jpg\" alt=\"\" class=\"wp-image-209\" srcset=\"https:\/\/www.seferintrip.com\/wp-content\/uploads\/2024\/09\/img_20240825_1652087308756646878699986-461x1024.jpg 461w, https:\/\/www.seferintrip.com\/wp-content\/uploads\/2024\/09\/img_20240825_1652087308756646878699986-135x300.jpg 135w, https:\/\/www.seferintrip.com\/wp-content\/uploads\/2024\/09\/img_20240825_1652087308756646878699986-768x1707.jpg 768w, https:\/\/www.seferintrip.com\/wp-content\/uploads\/2024\/09\/img_20240825_1652087308756646878699986-691x1536.jpg 691w, https:\/\/www.seferintrip.com\/wp-content\/uploads\/2024\/09\/img_20240825_1652087308756646878699986.jpg 900w\" sizes=\"auto, (max-width: 461px) 100vw, 461px\" \/><\/figure>\n\n\n\n<p>Visitamos est\u00e1 inmensa y curiosa Catedral por dentro estilo g\u00f3tica, muy interesante porque no se construyo en una sola fecha, sino que le fueron a\u00f1adiendo trozos conforme el tiempo, por eso, si somos curiosos y nos fijamos bien, no vamos a verla toda sim\u00e9trica, si no que varia. Tambi\u00e9n vemos al campanario al lado de la catedral, pero&#8230; \u00bfPor qu\u00e9 no est\u00e1 junto?<\/p>\n\n\n\n<figure class=\"wp-block-image size-large\"><img loading=\"lazy\" decoding=\"async\" width=\"461\" height=\"1024\" src=\"https:\/\/www.seferintrip.com\/wp-content\/uploads\/2024\/09\/img_20240825_1640398148232229505479588-461x1024.jpg\" alt=\"\" class=\"wp-image-210\" srcset=\"https:\/\/www.seferintrip.com\/wp-content\/uploads\/2024\/09\/img_20240825_1640398148232229505479588-461x1024.jpg 461w, https:\/\/www.seferintrip.com\/wp-content\/uploads\/2024\/09\/img_20240825_1640398148232229505479588-135x300.jpg 135w, https:\/\/www.seferintrip.com\/wp-content\/uploads\/2024\/09\/img_20240825_1640398148232229505479588-768x1707.jpg 768w, https:\/\/www.seferintrip.com\/wp-content\/uploads\/2024\/09\/img_20240825_1640398148232229505479588-691x1536.jpg 691w, https:\/\/www.seferintrip.com\/wp-content\/uploads\/2024\/09\/img_20240825_1640398148232229505479588.jpg 900w\" sizes=\"auto, (max-width: 461px) 100vw, 461px\" \/><\/figure>\n\n\n\n<p>La respuesta a esto es porque el suelo era muy arcilloso y ten\u00edan miedo de que cualquier peso que sobrepasase, como el campanario, destruyera la Catedral, despu\u00e9s de todo el trabajo que conllevo construirla a lo largo del paso del tiempo<\/p>\n\n\n\n<p>Visitamos por supuesto la Calle Comercial con un mont\u00f3n de tiendas abiertas y gente, a pesar de ser Domingo, y acabamos en la plaza del Parlamento, por la mism\u00edsima en la que tra\u00edan los productos importantes antiguamente como,por ejemplo, la vainilla y el az\u00facar, en la que nos cominos un helado para merendar. <\/p>\n\n\n\n<p>Despu\u00e9s nos fuimos a la plaza de los espejos, con una fuente y vistas incre\u00edbles de ambos lados de la ciudad, en una el r\u00edo Garona, y al otro el se\u00f1orial edificio que construyeron en sus a\u00f1os de esplendor los Romanos para hacerse valer, ya que esta ciudad era una muy importante y quer\u00edan que los extranjeros los respetaran y se dieran cuenta de todo su poder.<\/p>\n\n\n\n<figure class=\"wp-block-image size-large\"><img loading=\"lazy\" decoding=\"async\" width=\"1024\" height=\"461\" src=\"https:\/\/www.seferintrip.com\/wp-content\/uploads\/2024\/09\/img_20240825_1752085738080524363723435-1024x461.jpg\" alt=\"\" class=\"wp-image-211\" srcset=\"https:\/\/www.seferintrip.com\/wp-content\/uploads\/2024\/09\/img_20240825_1752085738080524363723435-1024x461.jpg 1024w, https:\/\/www.seferintrip.com\/wp-content\/uploads\/2024\/09\/img_20240825_1752085738080524363723435-300x135.jpg 300w, https:\/\/www.seferintrip.com\/wp-content\/uploads\/2024\/09\/img_20240825_1752085738080524363723435-768x346.jpg 768w, https:\/\/www.seferintrip.com\/wp-content\/uploads\/2024\/09\/img_20240825_1752085738080524363723435-1536x691.jpg 1536w, https:\/\/www.seferintrip.com\/wp-content\/uploads\/2024\/09\/img_20240825_1752085738080524363723435.jpg 2000w\" sizes=\"auto, (max-width: 1024px) 100vw, 1024px\" \/><\/figure>\n\n\n\n<p>Esta plaza de los espejos es una de las m\u00e1s famosas de Burdeos ya que aqu\u00ed se refleja el edificio y la fuente que acabo de contar, aqu\u00ed tambi\u00e9n te puedes refrescar paseando por la fuente. Paseamos por la zona y llegamos a la plaza&nbsp; donde se situaba el gran hotel de la ciudad junto al teatro, que fue donde se inspir\u00f3 el famoso reconstructor de Par\u00eds para reformar su teatro, tambi\u00e9n observamos una de las famosas de Jaume Plensa, son muy famosas porque ah\u00ed varias con distintos nombres en diferentes zonas y le dan un arte muy m\u00edstico a las ciudades a parte de quedar muy bien.<\/p>\n\n\n\n<figure class=\"wp-block-image size-large\"><img loading=\"lazy\" decoding=\"async\" width=\"769\" height=\"1024\" src=\"https:\/\/www.seferintrip.com\/wp-content\/uploads\/2024\/09\/img-20240825-wa00165471057940263662355-769x1024.jpg\" alt=\"\" class=\"wp-image-215\" srcset=\"https:\/\/www.seferintrip.com\/wp-content\/uploads\/2024\/09\/img-20240825-wa00165471057940263662355-769x1024.jpg 769w, https:\/\/www.seferintrip.com\/wp-content\/uploads\/2024\/09\/img-20240825-wa00165471057940263662355-225x300.jpg 225w, https:\/\/www.seferintrip.com\/wp-content\/uploads\/2024\/09\/img-20240825-wa00165471057940263662355-768x1023.jpg 768w, https:\/\/www.seferintrip.com\/wp-content\/uploads\/2024\/09\/img-20240825-wa00165471057940263662355-1153x1536.jpg 1153w, https:\/\/www.seferintrip.com\/wp-content\/uploads\/2024\/09\/img-20240825-wa00165471057940263662355.jpg 1201w\" sizes=\"auto, (max-width: 769px) 100vw, 769px\" \/><\/figure>\n\n\n\n<p>Despu\u00e9s, nos dirigimos a un monumento natural llamado \u00abla fuente de los Georginos\u00bb, en conmemoraci\u00f3n a ellos, un ejercito en representaci\u00f3n de Burdeos que lucharon por sus ideas hasta el final en las guerras, y su objetivo era detener tres negativos valores: la mentira, el vicio y la verg\u00fcenza, representados en esculturas en esta bonita fuente. Una cosa curiosa de aqu\u00ed, fue que hubo un momento deprimente en la ciudad inimaginable, donde los Nazis en Alemania, para conseguir recursos para fabricar balas, se llevaron el bronce de todas las fuentes de la ciudad, transport\u00e1ndolas enteras. <\/p>\n\n\n\n<figure class=\"wp-block-image size-large\"><img loading=\"lazy\" decoding=\"async\" width=\"814\" height=\"1024\" src=\"https:\/\/www.seferintrip.com\/wp-content\/uploads\/2024\/09\/img-20240825-wa00207983995226872771710-814x1024.jpg\" alt=\"\" class=\"wp-image-214\" srcset=\"https:\/\/www.seferintrip.com\/wp-content\/uploads\/2024\/09\/img-20240825-wa00207983995226872771710-814x1024.jpg 814w, https:\/\/www.seferintrip.com\/wp-content\/uploads\/2024\/09\/img-20240825-wa00207983995226872771710-239x300.jpg 239w, https:\/\/www.seferintrip.com\/wp-content\/uploads\/2024\/09\/img-20240825-wa00207983995226872771710-768x966.jpg 768w, https:\/\/www.seferintrip.com\/wp-content\/uploads\/2024\/09\/img-20240825-wa00207983995226872771710-1221x1536.jpg 1221w, https:\/\/www.seferintrip.com\/wp-content\/uploads\/2024\/09\/img-20240825-wa00207983995226872771710.jpg 1272w\" sizes=\"auto, (max-width: 814px) 100vw, 814px\" \/><\/figure>\n\n\n\n<p>Bueno, pues en esta plaza con la gran fuente fue donde empezamos nuestro free tour por la ciudad de Burdeos, con una gu\u00eda que nos fue explicando much\u00edsimas curiosidades de la ciudad, entre ellas, el origen de Burdeos, perteneciente primordialmente a los Celtas, que fueron derrotados por los Romanos, las \u00e1rboles de esta plaza est\u00e1n en cruz por ellos, por su com\u00fan planta de cruz latina, nos explicaron muchas curiosidades sobre Burdeos, sobre los \u00faltimos anos de Goya aqu\u00ed y el misterio de su tumba, las iglesias y los diferentes&nbsp; tipos de artes que hay en Burdeos, incluso nos fijamos en un detallito de que Santiago De Compostela estaba tallado en una Iglesia se\u00f1alando este camino, tambi\u00e9n vimos diferentes esculturas en lo alto del teatro, y por supuesto, nos explicaron las dos puertas de entrada que luego vimos con diferentes calles y barrios junto al tri\u00e1ngulo dorado de calles, donde a diferencia&nbsp; de las otras avenidas, es mas limpia y se sit\u00faan las tiendas mas caras.<\/p>\n\n\n\n<figure class=\"wp-block-image size-large\"><img loading=\"lazy\" decoding=\"async\" width=\"702\" height=\"1024\" src=\"https:\/\/www.seferintrip.com\/wp-content\/uploads\/2024\/09\/img-20240825-wa00217437150941423253983-702x1024.jpg\" alt=\"\" class=\"wp-image-213\" srcset=\"https:\/\/www.seferintrip.com\/wp-content\/uploads\/2024\/09\/img-20240825-wa00217437150941423253983-702x1024.jpg 702w, https:\/\/www.seferintrip.com\/wp-content\/uploads\/2024\/09\/img-20240825-wa00217437150941423253983-206x300.jpg 206w, https:\/\/www.seferintrip.com\/wp-content\/uploads\/2024\/09\/img-20240825-wa00217437150941423253983-768x1120.jpg 768w, https:\/\/www.seferintrip.com\/wp-content\/uploads\/2024\/09\/img-20240825-wa00217437150941423253983-1053x1536.jpg 1053w, https:\/\/www.seferintrip.com\/wp-content\/uploads\/2024\/09\/img-20240825-wa00217437150941423253983.jpg 1097w\" sizes=\"auto, (max-width: 702px) 100vw, 702px\" \/><\/figure>\n\n\n\n<p>Acabado el tour, dimos al atardecer un \u00faltimo paseo por la plaza de los espejos en el parque junto al r\u00edo,viene lucecitas de colores muy bonitas y la noria iluminada, ya que este era el monumento que encontravamls hoy, porque nos explicaron que aqu\u00ed se suelen poner durante el a\u00f1o diferentes eventos, como por ejemplo, mercados.<\/p>\n\n\n\n<p><\/p>\n\n\n\n<figure class=\"wp-block-image size-large\"><img loading=\"lazy\" decoding=\"async\" width=\"1024\" height=\"461\" src=\"https:\/\/www.seferintrip.com\/wp-content\/uploads\/2024\/09\/img_20240825_2120397670752306462371864-1024x461.jpg\" alt=\"\" class=\"wp-image-212\" srcset=\"https:\/\/www.seferintrip.com\/wp-content\/uploads\/2024\/09\/img_20240825_2120397670752306462371864-1024x461.jpg 1024w, https:\/\/www.seferintrip.com\/wp-content\/uploads\/2024\/09\/img_20240825_2120397670752306462371864-300x135.jpg 300w, https:\/\/www.seferintrip.com\/wp-content\/uploads\/2024\/09\/img_20240825_2120397670752306462371864-768x346.jpg 768w, https:\/\/www.seferintrip.com\/wp-content\/uploads\/2024\/09\/img_20240825_2120397670752306462371864-1536x691.jpg 1536w, https:\/\/www.seferintrip.com\/wp-content\/uploads\/2024\/09\/img_20240825_2120397670752306462371864.jpg 2000w\" sizes=\"auto, (max-width: 1024px) 100vw, 1024px\" \/><\/figure>\n\n\n\n<p>Y para acabar con vistas magn\u00edficas nos tomamos unos crepes para cenar, volviendo por callecitas de Burdeos iluminadas, de camino viendo la puerta de entrada iluminada devuelta a la primera Catedral que vimos para regresar en metro.<\/p>\n\n\n\n<p>\ud83d\udc4c\ud83d\ude0a<\/p>\n","protected":false},"excerpt":{"rendered":"<p>BURDEOS Hoy vamos ha visitar la peque\u00f1a Peque\u00f1a Par\u00eds, una ciudad muy importante en el sur de Francia&nbsp; ya que aqu\u00ed fue donde el arquitecto George Haussmann&nbsp; se inspir\u00f3 para reformar y modernizar la gran ciudad de Par\u00eds. Un secreto que poca gente conoce, eso s\u00ed, no le dig\u00e1is a los Parisinos, que su cuidad, &hellip; <\/p>\n","protected":false},"author":1,"featured_media":84,"comment_status":"open","ping_status":"open","sticky":false,"template":"","format":"standard","meta":{"footnotes":""},"categories":[5,4],"tags":[8,7],"class_list":["post-64","post","type-post","status-publish","format-standard","has-post-thumbnail","hentry","category-summer-trips","category-viajes","tag-8","tag-cuadernos-de-viaje"],"_links":{"self":[{"href":"https:\/\/www.seferintrip.com\/index.php?rest_route=\/wp\/v2\/posts\/64","targetHints":{"allow":["GET"]}}],"collection":[{"href":"https:\/\/www.seferintrip.com\/index.php?rest_route=\/wp\/v2\/posts"}],"about":[{"href":"https:\/\/www.seferintrip.com\/index.php?rest_route=\/wp\/v2\/types\/post"}],"author":[{"embeddable":true,"href":"https:\/\/www.seferintrip.com\/index.php?rest_route=\/wp\/v2\/users\/1"}],"replies":[{"embeddable":true,"href":"https:\/\/www.seferintrip.com\/index.php?rest_route=%2Fwp%2Fv2%2Fcomments&post=64"}],"version-history":[{"count":4,"href":"https:\/\/www.seferintrip.com\/index.php?rest_route=\/wp\/v2\/posts\/64\/revisions"}],"predecessor-version":[{"id":217,"href":"https:\/\/www.seferintrip.com\/index.php?rest_route=\/wp\/v2\/posts\/64\/revisions\/217"}],"wp:featuredmedia":[{"embeddable":true,"href":"https:\/\/www.seferintrip.com\/index.php?rest_route=\/wp\/v2\/media\/84"}],"wp:attachment":[{"href":"https:\/\/www.seferintrip.com\/index.php?rest_route=%2Fwp%2Fv2%2Fmedia&parent=64"}],"wp:term":[{"taxonomy":"category","embeddable":true,"href":"https:\/\/www.seferintrip.com\/index.php?rest_route=%2Fwp%2Fv2%2Fcategories&post=64"},{"taxonomy":"post_tag","embeddable":true,"href":"https:\/\/www.seferintrip.com\/index.php?rest_route=%2Fwp%2Fv2%2Ftags&post=64"}],"curies":[{"name":"wp","href":"https:\/\/api.w.org\/{rel}","templated":true}]}}