{"id":66,"date":"2024-09-17T18:41:02","date_gmt":"2024-09-17T16:41:02","guid":{"rendered":"https:\/\/www.seferintrip.com\/?p=66"},"modified":"2024-09-30T18:20:42","modified_gmt":"2024-09-30T16:20:42","slug":"%e2%9c%a8viaje-verano-2024%e2%9c%a8-26-de-agosto","status":"publish","type":"post","link":"https:\/\/www.seferintrip.com\/?p=66","title":{"rendered":"\u2728VIAJE VERANO 2024\u2728 26 de Agosto. Saint Emiliont-Perieuex-Sant Le\u00f3n de Becere."},"content":{"rendered":"\n<p>26 de agosto<\/p>\n\n\n\n<p>LA DORDO\u00d1A<\/p>\n\n\n\n<p>Hoy nos alejamos de Burdeos y comenzamos a visitar los primeros pueblecitos de entrada a \u00bb La Dordo\u00f1a\u00bb, en el sur de Francia.<\/p>\n\n\n\n<p>Dordo\u00f1a est\u00e1 dividida en cuatro prefecturas: el Perigord blanco (P\u00e9rigord blanc), el Perigord negro (P\u00e9rigord noir), el Perigord p\u00farpura (P\u00e9rigord pourpre) y el Perigord verde (P\u00e9rigord vert). <\/p>\n\n\n\n<p>El r\u00edo Dordo\u00f1a da el nombre al departamento, al que atraviesa de este a oeste, donde los siguientes d\u00edas nos dimos unos espectaculares ba\u00f1os. Nosotros visitaremos el segundo \u00bb P\u00e9rigord noir\u00bb, y hoy comenzamos llegando por por \u00bb Sant Emiliont\u00bb entre un centenar de vi\u00f1edos, ya que, al igual que en Burdeos, los Romanos que se hicieron con todos estos territorios trajeron con ellos el vino, e iniciaron a cultivar un centenar de vi\u00f1edos aqu\u00ed.<\/p>\n\n\n\n<figure class=\"wp-block-image size-large\"><img loading=\"lazy\" decoding=\"async\" width=\"1024\" height=\"769\" src=\"https:\/\/www.seferintrip.com\/wp-content\/uploads\/2024\/09\/img-20240826-wa00198800306339712960101-1024x769.jpg\" alt=\"\" class=\"wp-image-219\" srcset=\"https:\/\/www.seferintrip.com\/wp-content\/uploads\/2024\/09\/img-20240826-wa00198800306339712960101-1024x769.jpg 1024w, https:\/\/www.seferintrip.com\/wp-content\/uploads\/2024\/09\/img-20240826-wa00198800306339712960101-300x225.jpg 300w, https:\/\/www.seferintrip.com\/wp-content\/uploads\/2024\/09\/img-20240826-wa00198800306339712960101-768x576.jpg 768w, https:\/\/www.seferintrip.com\/wp-content\/uploads\/2024\/09\/img-20240826-wa00198800306339712960101-1536x1153.jpg 1536w, https:\/\/www.seferintrip.com\/wp-content\/uploads\/2024\/09\/img-20240826-wa00198800306339712960101.jpg 1600w\" sizes=\"auto, (max-width: 1024px) 100vw, 1024px\" \/><\/figure>\n\n\n\n<p>Sant Emiliont es un famoso y pintoresco, a la vez conocido, pueblo de un estilo medieval de piedra anaranjada.<\/p>\n\n\n\n<p>Al llegar, al lado del aparcamiento veremos unos grandes vi\u00f1edos que rodean al pueblo junto los restos de la Gran Muralla se la ciudad que dan entrada al pueblo, al otro lado comenzaremos a ver tambi\u00e9n las construcciones Sant Emiliont desde la parte de atr\u00e1s y llegaremos a una gran escultura y a la Iglesia, (una curiosidad sobre esta y la muralla&nbsp; es que est\u00e1n constru\u00eddas en diferentes periodos de tiempo), que entramos a visitar.<\/p>\n\n\n\n<p>Luego visitamos unas grandes pinturas en la colegiata, a salida de la Iglesia, que contaba con un bonito entorno, y al salir, vislumbramos el campanario con su gran torre, que al igual que Burdeos, est\u00e1 construida en diferentes edificaciones ya que temian a la destrucci\u00f3n de una Iglesia ya tan elaborada por el peso que aportaba el campanario. <\/p>\n\n\n\n<figure class=\"wp-block-image size-large\"><img loading=\"lazy\" decoding=\"async\" width=\"1024\" height=\"768\" src=\"https:\/\/www.seferintrip.com\/wp-content\/uploads\/2024\/09\/img-20240826-wa00186929256447862710347-1024x768.jpg\" alt=\"\" class=\"wp-image-223\" srcset=\"https:\/\/www.seferintrip.com\/wp-content\/uploads\/2024\/09\/img-20240826-wa00186929256447862710347-1024x768.jpg 1024w, https:\/\/www.seferintrip.com\/wp-content\/uploads\/2024\/09\/img-20240826-wa00186929256447862710347-300x225.jpg 300w, https:\/\/www.seferintrip.com\/wp-content\/uploads\/2024\/09\/img-20240826-wa00186929256447862710347-768x576.jpg 768w, https:\/\/www.seferintrip.com\/wp-content\/uploads\/2024\/09\/img-20240826-wa00186929256447862710347-1536x1152.jpg 1536w, https:\/\/www.seferintrip.com\/wp-content\/uploads\/2024\/09\/img-20240826-wa00186929256447862710347.jpg 1600w\" sizes=\"auto, (max-width: 1024px) 100vw, 1024px\" \/><\/figure>\n\n\n\n<p>Junto a esto, tambi\u00e9n encontraremos un pintoresco y mediaval mirador que daba cara al bonito pueblo de Sant Emiliont, donde pudimos ver \u00abLa Torre del Rey\u00bb. Una vez acabadas las visitas, nos fuimos a visitar diversos monumentos que nos hab\u00edan mostrado en la oficina de turismo a la salida de la Iglesia, por lo que fuimos a visitarlos, comenzamos llegando a una gran puerta con forma de arco de mediopunto en medio de la calle al lado de la famosa Casa de Madera, ya que esta es la \u00fanica casa original de todo el pueblo que se conserva desde los siglos (V-XV) de la Edad Media. All\u00ed encontramos a dos buenos pintores haciendo distintas r\u00e9plicas de este monumento. <\/p>\n\n\n\n<figure class=\"wp-block-image size-large\"><img loading=\"lazy\" decoding=\"async\" width=\"1024\" height=\"769\" src=\"https:\/\/www.seferintrip.com\/wp-content\/uploads\/2024\/09\/img-20240826-wa00166745593290878471669-1024x769.jpg\" alt=\"\" class=\"wp-image-224\" srcset=\"https:\/\/www.seferintrip.com\/wp-content\/uploads\/2024\/09\/img-20240826-wa00166745593290878471669-1024x769.jpg 1024w, https:\/\/www.seferintrip.com\/wp-content\/uploads\/2024\/09\/img-20240826-wa00166745593290878471669-300x225.jpg 300w, https:\/\/www.seferintrip.com\/wp-content\/uploads\/2024\/09\/img-20240826-wa00166745593290878471669-768x576.jpg 768w, https:\/\/www.seferintrip.com\/wp-content\/uploads\/2024\/09\/img-20240826-wa00166745593290878471669-1536x1153.jpg 1536w, https:\/\/www.seferintrip.com\/wp-content\/uploads\/2024\/09\/img-20240826-wa00166745593290878471669.jpg 1600w\" sizes=\"auto, (max-width: 1024px) 100vw, 1024px\" \/><\/figure>\n\n\n\n<p>Caminando, damos tambi\u00e9n con otro mirador con una perspectiva m\u00e1s central y baja del pueblo. M\u00e1s tarde, encontramos el mercado \u00bb Le Haller\u00bb situado en un monumento hist\u00f3rico, donde pasamos un rato.<\/p>\n\n\n\n<p>Caminamos por las callecitas t\u00edpicas de la zona talladas en piedra, pasando por diversas bodegas con el original vino de la zona y llegamos al lado de un mercado artistico tambi\u00e9n, y tengo que decir una cosa, y es que por esta zona, en la Dordo\u00f1a, viven y trabajan desde pintores, con galer\u00edas de arte hasta artesanos trabajando sobres sus maderas, (Nosotros acudimos a una galer\u00eda de arte, y la verdad, es que ten\u00eda unos cuadros \u2728Preciosos\u2728). <\/p>\n\n\n\n<figure class=\"wp-block-image size-large\"><img loading=\"lazy\" decoding=\"async\" width=\"732\" height=\"1024\" src=\"https:\/\/www.seferintrip.com\/wp-content\/uploads\/2024\/09\/img-20240826-wa00136724973221903556449-732x1024.jpg\" alt=\"\" class=\"wp-image-225\" srcset=\"https:\/\/www.seferintrip.com\/wp-content\/uploads\/2024\/09\/img-20240826-wa00136724973221903556449-732x1024.jpg 732w, https:\/\/www.seferintrip.com\/wp-content\/uploads\/2024\/09\/img-20240826-wa00136724973221903556449-214x300.jpg 214w, https:\/\/www.seferintrip.com\/wp-content\/uploads\/2024\/09\/img-20240826-wa00136724973221903556449-768x1075.jpg 768w, https:\/\/www.seferintrip.com\/wp-content\/uploads\/2024\/09\/img-20240826-wa00136724973221903556449-1097x1536.jpg 1097w, https:\/\/www.seferintrip.com\/wp-content\/uploads\/2024\/09\/img-20240826-wa00136724973221903556449.jpg 1429w\" sizes=\"auto, (max-width: 732px) 100vw, 732px\" \/><\/figure>\n\n\n\n<p>Si sigues caminando tambi\u00e9n encontramos una plaza donde vemos la parte subterr\u00e1nea del campanario, con una plaza con diversos restaurantes, tambi\u00e9n muy bonita. En este pueblo vimos muchas tiendas de ropa, comercios, comida&#8230; Ya que es muy tur\u00edstico, pero estos comercios tambi\u00e9n le daban un toque especial al pueblo, por lo que, gracias a ello, no nos falt\u00f3 probar los t\u00edpicos dulces de la zona: \u00bb Les Canelettes\u00bb, que terminamos comprando y degust\u00e1ndolos en el primer mirador.<\/p>\n\n\n\n<figure class=\"wp-block-image size-large\"><img loading=\"lazy\" decoding=\"async\" width=\"1024\" height=\"768\" src=\"https:\/\/www.seferintrip.com\/wp-content\/uploads\/2024\/09\/img-20240826-wa00151064783509115691432-1024x768.jpg\" alt=\"\" class=\"wp-image-226\" srcset=\"https:\/\/www.seferintrip.com\/wp-content\/uploads\/2024\/09\/img-20240826-wa00151064783509115691432-1024x768.jpg 1024w, https:\/\/www.seferintrip.com\/wp-content\/uploads\/2024\/09\/img-20240826-wa00151064783509115691432-300x225.jpg 300w, https:\/\/www.seferintrip.com\/wp-content\/uploads\/2024\/09\/img-20240826-wa00151064783509115691432-768x576.jpg 768w, https:\/\/www.seferintrip.com\/wp-content\/uploads\/2024\/09\/img-20240826-wa00151064783509115691432-1536x1152.jpg 1536w, https:\/\/www.seferintrip.com\/wp-content\/uploads\/2024\/09\/img-20240826-wa00151064783509115691432.jpg 1600w\" sizes=\"auto, (max-width: 1024px) 100vw, 1024px\" \/><\/figure>\n\n\n\n<p>Y para acabar la ruta por este encantador pueblo, bajando una cuesta al pasar por un gran hotel al lado de la Iglesia visitamos los Lavaderos, lo ultimo que nos quedaba por visitar, pasando tambi\u00e9n por galer\u00edas, joyer\u00edas y maravillosas tiendas se ropa.<\/p>\n\n\n\n<figure class=\"wp-block-image size-large\"><img loading=\"lazy\" decoding=\"async\" width=\"1024\" height=\"768\" src=\"https:\/\/www.seferintrip.com\/wp-content\/uploads\/2024\/09\/img-20240826-wa00233223667157738734118-1024x768.jpg\" alt=\"\" class=\"wp-image-221\" srcset=\"https:\/\/www.seferintrip.com\/wp-content\/uploads\/2024\/09\/img-20240826-wa00233223667157738734118-1024x768.jpg 1024w, https:\/\/www.seferintrip.com\/wp-content\/uploads\/2024\/09\/img-20240826-wa00233223667157738734118-300x225.jpg 300w, https:\/\/www.seferintrip.com\/wp-content\/uploads\/2024\/09\/img-20240826-wa00233223667157738734118-768x576.jpg 768w, https:\/\/www.seferintrip.com\/wp-content\/uploads\/2024\/09\/img-20240826-wa00233223667157738734118-1536x1152.jpg 1536w, https:\/\/www.seferintrip.com\/wp-content\/uploads\/2024\/09\/img-20240826-wa00233223667157738734118.jpg 1600w\" sizes=\"auto, (max-width: 1024px) 100vw, 1024px\" \/><\/figure>\n\n\n\n<p>Por la tarde, llegamos a \u00abPerieuex\u00bb, una distinta ciudad al anterior pueblo, pero encantador, con un aire m\u00e1s a Burdeos.<\/p>\n\n\n\n<figure class=\"wp-block-image size-large\"><img loading=\"lazy\" decoding=\"async\" width=\"1024\" height=\"461\" src=\"https:\/\/www.seferintrip.com\/wp-content\/uploads\/2024\/09\/img_20240826_1812385101785616427451227-1024x461.jpg\" alt=\"\" class=\"wp-image-220\" srcset=\"https:\/\/www.seferintrip.com\/wp-content\/uploads\/2024\/09\/img_20240826_1812385101785616427451227-1024x461.jpg 1024w, https:\/\/www.seferintrip.com\/wp-content\/uploads\/2024\/09\/img_20240826_1812385101785616427451227-300x135.jpg 300w, https:\/\/www.seferintrip.com\/wp-content\/uploads\/2024\/09\/img_20240826_1812385101785616427451227-768x346.jpg 768w, https:\/\/www.seferintrip.com\/wp-content\/uploads\/2024\/09\/img_20240826_1812385101785616427451227-1536x691.jpg 1536w, https:\/\/www.seferintrip.com\/wp-content\/uploads\/2024\/09\/img_20240826_1812385101785616427451227.jpg 2000w\" sizes=\"auto, (max-width: 1024px) 100vw, 1024px\" \/><\/figure>\n\n\n\n<p>Este pueblo cuenta con una bonita V\u00eda Verde \ud83c\udf3f para recorres en bici, nosotros esta vez fuimos andando, ya que est\u00e1bamos bastante cerca, pero al igual tambi\u00e9n paseamos por esta zona verde junto al r\u00edo Dordo\u00f1a hasta llegar al puente que da entrada a la ciudad, donde nos adentramos con vistas a esta Catedral, viendo las t\u00edpicas callecitas estrechas a su lado de un color de piedra&nbsp; balnquezina gris\u00e1cea,<\/p>\n\n\n\n<figure class=\"wp-block-image size-large\"><img loading=\"lazy\" decoding=\"async\" width=\"1024\" height=\"774\" src=\"https:\/\/www.seferintrip.com\/wp-content\/uploads\/2024\/09\/img-20240826-wa00252993725406193906708-1024x774.jpg\" alt=\"\" class=\"wp-image-222\" srcset=\"https:\/\/www.seferintrip.com\/wp-content\/uploads\/2024\/09\/img-20240826-wa00252993725406193906708-1024x774.jpg 1024w, https:\/\/www.seferintrip.com\/wp-content\/uploads\/2024\/09\/img-20240826-wa00252993725406193906708-300x227.jpg 300w, https:\/\/www.seferintrip.com\/wp-content\/uploads\/2024\/09\/img-20240826-wa00252993725406193906708-768x581.jpg 768w, https:\/\/www.seferintrip.com\/wp-content\/uploads\/2024\/09\/img-20240826-wa00252993725406193906708-1536x1162.jpg 1536w, https:\/\/www.seferintrip.com\/wp-content\/uploads\/2024\/09\/img-20240826-wa00252993725406193906708.jpg 1600w\" sizes=\"auto, (max-width: 1024px) 100vw, 1024px\" \/><\/figure>\n\n\n\n<p> llegamos a esta impactante catedral, que fue lo primero que entramos a visitar al llegar, con un gran estilo rom\u00e1nico en su interior y una cruz central. Salimos por unos jardines bonitos con vistas y ya nos adentramos en la ciudad. Pasamos por diversas callecitas con varias decoraciones en el techo, este detallito hac\u00edan que fueran mucho m\u00e1s bonitas. Pasamos por la plaza al lado de la catedral, que es muy famosa, y vemos unas vistas centrales de la catedral y nos adentramos en una callecita con comercios donde merendamos un helado en una terracita con florecitas \ud83d\udc90. Nos seguimos adentrando por callecitas y llegamos a una plaza muy bien decorada para salir al bonito espacio con las letras de la ciudad junto al carrusel y una fuente, viendo mas alla edificios est\u00e9reos, por ejemplo, correos.<\/p>\n\n\n\n<p>Despu\u00e9s de esto, nos vamos a la \u00abTorre de Perieuex\u00bb , una de las antiguas torres de la muralla, que serv\u00edan de defensa a la ciudad y fueron construidas en&nbsp; 1120 a.C. , est\u00e1 muralla contaba con dieciocho torres de defensa alrededorde ella,&nbsp; por eso est\u00e1, a parte de ser famosa por sus vistas lo es porque es una de las pocas que se conserva hoy en d\u00eda en la ciudad, por no decir la \u00fanica, tambi\u00e9n pasamos por alguna plaza y casitas altas pero encantadoras para llegar aqu\u00ed. Finalmente, para acabar, volvemos por callecitas y salimos de nuevo a la Catedral, donde nos despedimos de la ciudad y para acabar, nos vamos al otro lado del r\u00edo para ver una casa muy antigua pero peculiar y curiosa de ver. M\u00e1s tarde, ya estamos emprendiendo camino devuelta y llegando hacia uno de los mejores pueblecitos del viaje\ud83d\ude0d<\/p>\n\n\n\n<p>Y llegando ya si que comenzamos a ver las casitas marr\u00f3n claro que estaremos viendo durante nuestro tiempo por la zona, en el&nbsp; que pasaremos por diversos pueblos Dordo\u00f1eses&nbsp; junto a carreteras estrechas llenas de bosque con&nbsp; vegetaci\u00f3n.<\/p>\n\n\n\n<p>Estos pueblecitos que visitaremos ya est\u00e1n m\u00e1s adentrados en el P\u00e9rigord Negro, identificados con su estilo medieval parecido transportado de otra \u00e9poca.<\/p>\n\n\n\n<figure class=\"wp-block-image size-large\"><img loading=\"lazy\" decoding=\"async\" width=\"249\" height=\"300\" src=\"https:\/\/www.seferintrip.com\/wp-content\/uploads\/2024\/09\/image_editor_output_image2103579429-17277129782358531189866146206372-249x300.jpg\" alt=\"\" class=\"wp-image-231\" srcset=\"https:\/\/www.seferintrip.com\/wp-content\/uploads\/2024\/09\/image_editor_output_image2103579429-17277129782358531189866146206372-249x300.jpg 249w, https:\/\/www.seferintrip.com\/wp-content\/uploads\/2024\/09\/image_editor_output_image2103579429-17277129782358531189866146206372.jpg 461w\" sizes=\"auto, (max-width: 249px) 100vw, 249px\" \/><\/figure>\n\n\n\n<p>El primer nombre es&#8230;. Sant Le\u00f3n de Becere, llegamos al atardecer y aparcamos en un \u00e1rea junto a la naturaleza pero a la vez al lado del pueblo, y nos adentramos en el pueblecito,<\/p>\n\n\n\n<p> Pasamos por una plaza con el colegio decorado muy pintoresco al lado de un camping y nos adentramos en las callecitas con casitas bajas que parec\u00edan sacadas de pel\u00edcula construidas con ladrillos de un tono marr\u00f3n amarillento. <\/p>\n\n\n\n<p>Paseamos por sus callecitas silenciosas viendo los maravillosos paisajes junto a encantadoras casas y calles que nos ofrec\u00eda el pueblo. Llegamos a unos jardines que ofrece el pueblo tambi\u00e9n con espect\u00e1culos, aunque estaba cerrado, vimos el se\u00f1orial edificio. Despu\u00e9s, pasamos la Iglesia y llegamos a un r\u00edo con unas espectaculares y rom\u00e1nticas vistas al r\u00edo, y m\u00e1s tarde, al castillo, ya que esta zona cuenta con un mont\u00f3n de castillos alrededor, este pueblo nos encant\u00f3 y es dif\u00edcil describir su esplendor pero fue un paseo super agradable al atardecer entre estas encantadoras casitas parecidas sacadas de un rodaje de pel\u00edcula,<\/p>\n\n\n\n<p>\ud83e\udd79\ud83e\udef6\ud83c\udffb\ud83e\udef6\ud83c\udffb<\/p>\n","protected":false},"excerpt":{"rendered":"<p>26 de agosto LA DORDO\u00d1A Hoy nos alejamos de Burdeos y comenzamos a visitar los primeros pueblecitos de entrada a \u00bb La Dordo\u00f1a\u00bb, en el sur de Francia. Dordo\u00f1a est\u00e1 dividida en cuatro prefecturas: el Perigord blanco (P\u00e9rigord blanc), el Perigord negro (P\u00e9rigord noir), el Perigord p\u00farpura (P\u00e9rigord pourpre) y el Perigord verde (P\u00e9rigord vert). &hellip; <\/p>\n","protected":false},"author":1,"featured_media":86,"comment_status":"open","ping_status":"open","sticky":false,"template":"","format":"standard","meta":{"footnotes":""},"categories":[5,4],"tags":[8,7],"class_list":["post-66","post","type-post","status-publish","format-standard","has-post-thumbnail","hentry","category-summer-trips","category-viajes","tag-8","tag-cuadernos-de-viaje"],"_links":{"self":[{"href":"https:\/\/www.seferintrip.com\/index.php?rest_route=\/wp\/v2\/posts\/66","targetHints":{"allow":["GET"]}}],"collection":[{"href":"https:\/\/www.seferintrip.com\/index.php?rest_route=\/wp\/v2\/posts"}],"about":[{"href":"https:\/\/www.seferintrip.com\/index.php?rest_route=\/wp\/v2\/types\/post"}],"author":[{"embeddable":true,"href":"https:\/\/www.seferintrip.com\/index.php?rest_route=\/wp\/v2\/users\/1"}],"replies":[{"embeddable":true,"href":"https:\/\/www.seferintrip.com\/index.php?rest_route=%2Fwp%2Fv2%2Fcomments&post=66"}],"version-history":[{"count":5,"href":"https:\/\/www.seferintrip.com\/index.php?rest_route=\/wp\/v2\/posts\/66\/revisions"}],"predecessor-version":[{"id":234,"href":"https:\/\/www.seferintrip.com\/index.php?rest_route=\/wp\/v2\/posts\/66\/revisions\/234"}],"wp:featuredmedia":[{"embeddable":true,"href":"https:\/\/www.seferintrip.com\/index.php?rest_route=\/wp\/v2\/media\/86"}],"wp:attachment":[{"href":"https:\/\/www.seferintrip.com\/index.php?rest_route=%2Fwp%2Fv2%2Fmedia&parent=66"}],"wp:term":[{"taxonomy":"category","embeddable":true,"href":"https:\/\/www.seferintrip.com\/index.php?rest_route=%2Fwp%2Fv2%2Fcategories&post=66"},{"taxonomy":"post_tag","embeddable":true,"href":"https:\/\/www.seferintrip.com\/index.php?rest_route=%2Fwp%2Fv2%2Ftags&post=66"}],"curies":[{"name":"wp","href":"https:\/\/api.w.org\/{rel}","templated":true}]}}