{"id":68,"date":"2024-09-17T18:42:37","date_gmt":"2024-09-17T16:42:37","guid":{"rendered":"https:\/\/www.seferintrip.com\/?p=68"},"modified":"2024-10-04T12:08:34","modified_gmt":"2024-10-04T10:08:34","slug":"%e2%9c%a8viaje-verano-2024%e2%9c%a8-27-de-agosto","status":"publish","type":"post","link":"https:\/\/www.seferintrip.com\/?p=68","title":{"rendered":"\u2728VIAJE VERANO 2024\u2728 27 de Agosto. Sant Le\u00f3n &#8211; Roque de Gageac"},"content":{"rendered":"\n<p>Hoy despertamos en Sant Le\u00f3n de Becere, y como nos encant\u00f3, decidimos dar otra vuelta por all\u00ed, pero antes, nos vamos de paso en canoa por el r\u00edo Becere, que es el que rodea esta Villa.<\/p>\n\n\n\n<p>Cogimos la canoa que nos llevaron en autob\u00fas junto a nosotros tambi\u00e9n y emprendimos nuestra ruta, era un r\u00edo, pero me pareci\u00f3 m\u00e1s bonito de los que hab\u00edamos visto hasta ahora, y todos estamos de acuerdo en que este paseo fue una de las mejores cosas del viaje. <\/p>\n\n\n\n<figure class=\"wp-block-image size-large\"><img loading=\"lazy\" decoding=\"async\" width=\"768\" height=\"1024\" src=\"https:\/\/www.seferintrip.com\/wp-content\/uploads\/2024\/09\/img-20240827-wa00075464512160049627546-768x1024.jpg\" alt=\"\" class=\"wp-image-239\" srcset=\"https:\/\/www.seferintrip.com\/wp-content\/uploads\/2024\/09\/img-20240827-wa00075464512160049627546-768x1024.jpg 768w, https:\/\/www.seferintrip.com\/wp-content\/uploads\/2024\/09\/img-20240827-wa00075464512160049627546-225x300.jpg 225w, https:\/\/www.seferintrip.com\/wp-content\/uploads\/2024\/09\/img-20240827-wa00075464512160049627546-1152x1536.jpg 1152w, https:\/\/www.seferintrip.com\/wp-content\/uploads\/2024\/09\/img-20240827-wa00075464512160049627546.jpg 1200w\" sizes=\"auto, (max-width: 768px) 100vw, 768px\" \/><\/figure>\n\n\n\n<p>Pasamos con la canoa rodeados por ambos lados de vegetaci\u00f3n, a veces se rocas, y un mont\u00f3n de \u00e1rboles de diferentes colores y hojas, con el sol de fondo.<\/p>\n\n\n\n<p>A trav\u00e9s de este paseo vimos tambi\u00e9n tres majestuosos y se\u00f1oriales castillos, una pasada.<\/p>\n\n\n\n<figure class=\"wp-block-image size-large\"><img loading=\"lazy\" decoding=\"async\" width=\"1024\" height=\"768\" src=\"https:\/\/www.seferintrip.com\/wp-content\/uploads\/2024\/09\/img-20240827-wa00086843581108506664045-1024x768.jpg\" alt=\"\" class=\"wp-image-240\" srcset=\"https:\/\/www.seferintrip.com\/wp-content\/uploads\/2024\/09\/img-20240827-wa00086843581108506664045-1024x768.jpg 1024w, https:\/\/www.seferintrip.com\/wp-content\/uploads\/2024\/09\/img-20240827-wa00086843581108506664045-300x225.jpg 300w, https:\/\/www.seferintrip.com\/wp-content\/uploads\/2024\/09\/img-20240827-wa00086843581108506664045-768x576.jpg 768w, https:\/\/www.seferintrip.com\/wp-content\/uploads\/2024\/09\/img-20240827-wa00086843581108506664045-1536x1152.jpg 1536w, https:\/\/www.seferintrip.com\/wp-content\/uploads\/2024\/09\/img-20240827-wa00086843581108506664045.jpg 1600w\" sizes=\"auto, (max-width: 1024px) 100vw, 1024px\" \/><\/figure>\n\n\n\n<p>Al acabar este paseito por el r\u00edo Becere, nos dirigimos hacia \u00bb Bynac- et- Cazenac\u00bb, un pueblo que visitamos puesto sobre una roca con casitas de ventanas de madera de diferentes colores y tejados negros puntiagudos, estos son t\u00edpicos de esta zona, ya que nieva mucho en invierno, y la nieve necesita deslizarse para caer por estos&nbsp; tejados de ladrillo.<\/p>\n\n\n\n<p>Empezamos d\u00e1ndonos un ba\u00f1o en el r\u00edo Dordo\u00f1a a las orillas de este pueblo, donde tambi\u00e9n hay unas vistas al pueblo preciosas, y al otro lado, la vegetaci\u00f3n del r\u00edo con numerosas canoas familiares que paseaban por all\u00ed.<\/p>\n\n\n\n<figure class=\"wp-block-image size-large\"><img loading=\"lazy\" decoding=\"async\" width=\"1024\" height=\"461\" src=\"https:\/\/www.seferintrip.com\/wp-content\/uploads\/2024\/09\/img_20240827_1623152338744176166963071-1024x461.jpg\" alt=\"\" class=\"wp-image-237\" srcset=\"https:\/\/www.seferintrip.com\/wp-content\/uploads\/2024\/09\/img_20240827_1623152338744176166963071-1024x461.jpg 1024w, https:\/\/www.seferintrip.com\/wp-content\/uploads\/2024\/09\/img_20240827_1623152338744176166963071-300x135.jpg 300w, https:\/\/www.seferintrip.com\/wp-content\/uploads\/2024\/09\/img_20240827_1623152338744176166963071-768x346.jpg 768w, https:\/\/www.seferintrip.com\/wp-content\/uploads\/2024\/09\/img_20240827_1623152338744176166963071-1536x691.jpg 1536w, https:\/\/www.seferintrip.com\/wp-content\/uploads\/2024\/09\/img_20240827_1623152338744176166963071.jpg 2000w\" sizes=\"auto, (max-width: 1024px) 100vw, 1024px\" \/><\/figure>\n\n\n\n<p>Despu\u00e9s, una vez refrescados subimos a visitar el pueblo, pasando por las casitas que he descrito antes, y disfrutando entre ladrillos de un paseo totalmente medieval. Con casas t\u00edpicas y algunas con plantas alrededor subimos a una torre junto al castillo, donde hab\u00eda interesantes comercios y pasando por un arco de mediopunto, vamos a ver las vistas de la zona, donde, si sois curiosos, pod\u00e9is aprecir tambi\u00e9n a parte de los extensos y verdosos terrenos tres castillos construidos intencionadamente en la \u00e9poca feudal.<\/p>\n\n\n\n<p>A la bajada merendamos en una encantadora helader\u00eda y ya emprendimos camino de bajada por otro sitio diferente al llegar a un peque\u00f1o mirador tambi\u00e9n, pasando esta vez por el lado\u00a0 las casitas con los tejados negros pero con el mismo encantador estilo.<\/p>\n\n\n\n<figure class=\"wp-block-image size-large\"><img loading=\"lazy\" decoding=\"async\" width=\"461\" height=\"1024\" src=\"https:\/\/www.seferintrip.com\/wp-content\/uploads\/2024\/09\/img_20240827_1736453198800488684621160-461x1024.jpg\" alt=\"\" class=\"wp-image-238\" srcset=\"https:\/\/www.seferintrip.com\/wp-content\/uploads\/2024\/09\/img_20240827_1736453198800488684621160-461x1024.jpg 461w, https:\/\/www.seferintrip.com\/wp-content\/uploads\/2024\/09\/img_20240827_1736453198800488684621160-135x300.jpg 135w, https:\/\/www.seferintrip.com\/wp-content\/uploads\/2024\/09\/img_20240827_1736453198800488684621160-768x1707.jpg 768w, https:\/\/www.seferintrip.com\/wp-content\/uploads\/2024\/09\/img_20240827_1736453198800488684621160-691x1536.jpg 691w, https:\/\/www.seferintrip.com\/wp-content\/uploads\/2024\/09\/img_20240827_1736453198800488684621160.jpg 900w\" sizes=\"auto, (max-width: 461px) 100vw, 461px\" \/><\/figure>\n\n\n\n<p>Una vez abajo, podemos apreciar por \u00faltima vez estas interesantes vistas del pueblo construido en la roca antes de dirigirnos a otro pueblecito de la zona.<\/p>\n\n\n\n<p>A media tarde, llegamos a un precioso lugar llamado \u00abLa Roque gageac\u00bb, donde descansamos d\u00e1ndonos un ba\u00f1o en el r\u00edo Dordo\u00f1a tambi\u00e9n y conocimos a a una pareja  argentinos muy amables, que desde aqu\u00ed saludamos si est\u00e1n leyendo esto.<\/p>\n\n\n\n<p>Vimos varios globos a\u00e9reos que hac\u00edan el entorno del r\u00edo junto a la vegetaci\u00f3n incluso m\u00e1s bonito. El r\u00edo se situaba en frente de las casita al otro lado de la acera, al lado de una plaza tambi\u00e9n con restaurantes y un mercadillo que visitamos despu\u00e9s.<\/p>\n\n\n\n<figure class=\"wp-block-image size-large\"><img loading=\"lazy\" decoding=\"async\" width=\"1024\" height=\"768\" src=\"https:\/\/www.seferintrip.com\/wp-content\/uploads\/2024\/10\/img-20240827-wa00135730225354742103620-1024x768.jpg\" alt=\"\" class=\"wp-image-300\" srcset=\"https:\/\/www.seferintrip.com\/wp-content\/uploads\/2024\/10\/img-20240827-wa00135730225354742103620-1024x768.jpg 1024w, https:\/\/www.seferintrip.com\/wp-content\/uploads\/2024\/10\/img-20240827-wa00135730225354742103620-300x225.jpg 300w, https:\/\/www.seferintrip.com\/wp-content\/uploads\/2024\/10\/img-20240827-wa00135730225354742103620-768x576.jpg 768w, https:\/\/www.seferintrip.com\/wp-content\/uploads\/2024\/10\/img-20240827-wa00135730225354742103620-1536x1152.jpg 1536w, https:\/\/www.seferintrip.com\/wp-content\/uploads\/2024\/10\/img-20240827-wa00135730225354742103620.jpg 1600w\" sizes=\"auto, (max-width: 1024px) 100vw, 1024px\" \/><\/figure>\n\n\n\n<p>Roque gageac se sit\u00faa en una posici\u00f3n diferente al anterior, ya que el castillo se sit\u00faa a la entrada del pueblo (m\u00e1s atr\u00e1s si la interesa pod\u00e9is visitar unos jardines tambi\u00e9n muy cerca), y ya despu\u00e9s, una fila de maravillosas casitas con los t\u00edpicos tejados. Damos un paseo por la entrada de estas casitas, con diversos comercios, y despu\u00e9s damos otro m\u00e1s largo por el interior de estas encontrando un paseo muy agradable con, por ejemplo, casitas con ventanitas rojas y una peque\u00f1a torre con vegetaci\u00f3n hasta llegar a la Iglesia, que visitamos, junto a un mirador en el que apreciamos el atardecer por las monta\u00f1as al lado de la Iglesia.<\/p>\n\n\n\n<figure class=\"wp-block-image size-large\"><img loading=\"lazy\" decoding=\"async\" width=\"1024\" height=\"461\" src=\"https:\/\/www.seferintrip.com\/wp-content\/uploads\/2024\/09\/IMG_20240827_203129-1024x461.jpg\" alt=\"\" class=\"wp-image-242\" srcset=\"https:\/\/www.seferintrip.com\/wp-content\/uploads\/2024\/09\/IMG_20240827_203129-1024x461.jpg 1024w, https:\/\/www.seferintrip.com\/wp-content\/uploads\/2024\/09\/IMG_20240827_203129-300x135.jpg 300w, https:\/\/www.seferintrip.com\/wp-content\/uploads\/2024\/09\/IMG_20240827_203129-768x346.jpg 768w, https:\/\/www.seferintrip.com\/wp-content\/uploads\/2024\/09\/IMG_20240827_203129-1536x691.jpg 1536w, https:\/\/www.seferintrip.com\/wp-content\/uploads\/2024\/09\/IMG_20240827_203129-2048x922.jpg 2048w\" sizes=\"auto, (max-width: 1024px) 100vw, 1024px\" \/><\/figure>\n\n\n\n<p>Para acabar el paseo, pasamos por unos incre\u00edbles jardines, plantados por un hombre que vivi\u00f3 en una casita casi al final del pueblo y hoy en d\u00eda se ha convertido en unos jardines visitables para los turistas. Y ya vamos a ver el mercadillo llegando de nuevo a la parte del r\u00edo donde, observamos las nocturnas vistas del pueblo con sus lucecitas junto a un concierto y acabamos cenando a la luz de las estrellas en una mesita junto a r\u00edo.<\/p>\n","protected":false},"excerpt":{"rendered":"<p>Hoy despertamos en Sant Le\u00f3n de Becere, y como nos encant\u00f3, decidimos dar otra vuelta por all\u00ed, pero antes, nos vamos de paso en canoa por el r\u00edo Becere, que es el que rodea esta Villa. Cogimos la canoa que nos llevaron en autob\u00fas junto a nosotros tambi\u00e9n y emprendimos nuestra ruta, era un r\u00edo, &hellip; <\/p>\n","protected":false},"author":1,"featured_media":87,"comment_status":"open","ping_status":"open","sticky":false,"template":"","format":"standard","meta":{"footnotes":""},"categories":[5,4],"tags":[8,7],"class_list":["post-68","post","type-post","status-publish","format-standard","has-post-thumbnail","hentry","category-summer-trips","category-viajes","tag-8","tag-cuadernos-de-viaje"],"_links":{"self":[{"href":"https:\/\/www.seferintrip.com\/index.php?rest_route=\/wp\/v2\/posts\/68","targetHints":{"allow":["GET"]}}],"collection":[{"href":"https:\/\/www.seferintrip.com\/index.php?rest_route=\/wp\/v2\/posts"}],"about":[{"href":"https:\/\/www.seferintrip.com\/index.php?rest_route=\/wp\/v2\/types\/post"}],"author":[{"embeddable":true,"href":"https:\/\/www.seferintrip.com\/index.php?rest_route=\/wp\/v2\/users\/1"}],"replies":[{"embeddable":true,"href":"https:\/\/www.seferintrip.com\/index.php?rest_route=%2Fwp%2Fv2%2Fcomments&post=68"}],"version-history":[{"count":8,"href":"https:\/\/www.seferintrip.com\/index.php?rest_route=\/wp\/v2\/posts\/68\/revisions"}],"predecessor-version":[{"id":301,"href":"https:\/\/www.seferintrip.com\/index.php?rest_route=\/wp\/v2\/posts\/68\/revisions\/301"}],"wp:featuredmedia":[{"embeddable":true,"href":"https:\/\/www.seferintrip.com\/index.php?rest_route=\/wp\/v2\/media\/87"}],"wp:attachment":[{"href":"https:\/\/www.seferintrip.com\/index.php?rest_route=%2Fwp%2Fv2%2Fmedia&parent=68"}],"wp:term":[{"taxonomy":"category","embeddable":true,"href":"https:\/\/www.seferintrip.com\/index.php?rest_route=%2Fwp%2Fv2%2Fcategories&post=68"},{"taxonomy":"post_tag","embeddable":true,"href":"https:\/\/www.seferintrip.com\/index.php?rest_route=%2Fwp%2Fv2%2Ftags&post=68"}],"curies":[{"name":"wp","href":"https:\/\/api.w.org\/{rel}","templated":true}]}}