{"id":70,"date":"2024-09-17T18:43:51","date_gmt":"2024-09-17T16:43:51","guid":{"rendered":"https:\/\/www.seferintrip.com\/?p=70"},"modified":"2024-10-04T12:05:32","modified_gmt":"2024-10-04T10:05:32","slug":"%e2%9c%a8viaje-verano-2024%e2%9c%a8-28-de-agosto","status":"publish","type":"post","link":"https:\/\/www.seferintrip.com\/?p=70","title":{"rendered":"\u2728VIAJE VERANO 2024\u2728 28 de Agosto Sarlat la Caneda &#8211; Carcaic- Rocamodour"},"content":{"rendered":"\n<p>Buenos d\u00edass, hoy emprendemos camino a \u00abSarlat &#8211; la -Can\u00e9da\u00bb, para realizar una de las cosas m\u00e1s importantes y t\u00edpicas de la Dordo\u00f1a que no te puedes perder: su eubolica v\u00eda verde \ud83d\udc9a (rodeada de centenares y millones de \u00e1rboles de hojas amarillas y\u00a0 verdes, arbustos y plantas&#8230; alrededor) en medio de la monta\u00f1a, una de las mejores rutas del viaje sin lugar a dudas, ya que ten\u00eda el especial esplendor y\u00a0 encanto de un cuento entre vegetaci\u00f3n y naturaleza miraras hacia donde miraras.\u00a0<\/p>\n\n\n\n<figure class=\"wp-block-image size-large\"><img loading=\"lazy\" decoding=\"async\" width=\"1024\" height=\"768\" src=\"https:\/\/www.seferintrip.com\/wp-content\/uploads\/2024\/10\/img_20240828_1401314419328108980958391-1024x768.jpg\" alt=\"\" class=\"wp-image-285\" srcset=\"https:\/\/www.seferintrip.com\/wp-content\/uploads\/2024\/10\/img_20240828_1401314419328108980958391-1024x768.jpg 1024w, https:\/\/www.seferintrip.com\/wp-content\/uploads\/2024\/10\/img_20240828_1401314419328108980958391-300x225.jpg 300w, https:\/\/www.seferintrip.com\/wp-content\/uploads\/2024\/10\/img_20240828_1401314419328108980958391-768x576.jpg 768w, https:\/\/www.seferintrip.com\/wp-content\/uploads\/2024\/10\/img_20240828_1401314419328108980958391-1536x1152.jpg 1536w, https:\/\/www.seferintrip.com\/wp-content\/uploads\/2024\/10\/img_20240828_1401314419328108980958391.jpg 2000w\" sizes=\"auto, (max-width: 1024px) 100vw, 1024px\" \/><\/figure>\n\n\n\n<p>Una v\u00eda verde, que aparte de ser una maravilla estaba muy preparada para hacer una ruta en bicicleta sin m\u00e1s preocupaciones que apreciar el maravilloso entorno en el que se encuentra.<\/p>\n\n\n\n<figure class=\"wp-block-image size-large\"><img loading=\"lazy\" decoding=\"async\" width=\"1024\" height=\"768\" src=\"https:\/\/www.seferintrip.com\/wp-content\/uploads\/2024\/10\/img_20240828_1142403392919293872496244-1024x768.jpg\" alt=\"\" class=\"wp-image-286\" srcset=\"https:\/\/www.seferintrip.com\/wp-content\/uploads\/2024\/10\/img_20240828_1142403392919293872496244-1024x768.jpg 1024w, https:\/\/www.seferintrip.com\/wp-content\/uploads\/2024\/10\/img_20240828_1142403392919293872496244-300x225.jpg 300w, https:\/\/www.seferintrip.com\/wp-content\/uploads\/2024\/10\/img_20240828_1142403392919293872496244-768x576.jpg 768w, https:\/\/www.seferintrip.com\/wp-content\/uploads\/2024\/10\/img_20240828_1142403392919293872496244-1536x1152.jpg 1536w, https:\/\/www.seferintrip.com\/wp-content\/uploads\/2024\/10\/img_20240828_1142403392919293872496244.jpg 2000w\" sizes=\"auto, (max-width: 1024px) 100vw, 1024px\" \/><\/figure>\n\n\n\n<p>Por el camino, desvi\u00e1ndonos un poco, pasando por \u00abCarcaic\u00bb nos topamos con unos jardines \u00abDel agua\u00bb donde hacemos parada y entramos a visitarlos. Muy originales y bonitos de visitar, ya que contaba con varias fuentes con cascadas para refrescarse entre arroyos de agua y plantas, tambi\u00e9n con pasarelas y puentes entre estas, e incluso con un encantador laberinto con fuentes entre plantas de diferentes colores y hojas del lirio de agua, que eran las plantas que m\u00e1s predominaban en este jard\u00edn, que es lo que le da nombre.<\/p>\n\n\n\n<figure class=\"wp-block-image size-large\"><img loading=\"lazy\" decoding=\"async\" width=\"901\" height=\"1024\" src=\"https:\/\/www.seferintrip.com\/wp-content\/uploads\/2024\/10\/img_20240828_12425821263010682760331537-901x1024.jpg\" alt=\"\" class=\"wp-image-287\" srcset=\"https:\/\/www.seferintrip.com\/wp-content\/uploads\/2024\/10\/img_20240828_12425821263010682760331537-901x1024.jpg 901w, https:\/\/www.seferintrip.com\/wp-content\/uploads\/2024\/10\/img_20240828_12425821263010682760331537-264x300.jpg 264w, https:\/\/www.seferintrip.com\/wp-content\/uploads\/2024\/10\/img_20240828_12425821263010682760331537-768x873.jpg 768w, https:\/\/www.seferintrip.com\/wp-content\/uploads\/2024\/10\/img_20240828_12425821263010682760331537-1352x1536.jpg 1352w, https:\/\/www.seferintrip.com\/wp-content\/uploads\/2024\/10\/img_20240828_12425821263010682760331537.jpg 1760w\" sizes=\"auto, (max-width: 901px) 100vw, 901px\" \/><\/figure>\n\n\n\n<p>Tambien encontramos diferentes flores y \u00e1rboles en diferentes partes a lo largo del trayecto (amarillas,moradas&#8230;) y acabamos el jard\u00edn d\u00e1ndole comida que nos proporcionaban aqu\u00ed a unos curiosos peces habitantes en el jard\u00edn de agua.<\/p>\n\n\n\n<p>Un jard\u00edn en el que tambi\u00e9n podr\u00e1s ver especies como ranas y aprender los nombres (aunque en franc\u00e9s\ud83d\ude05) de las diferentes especies florales.<\/p>\n\n\n\n<figure class=\"wp-block-image size-large\"><img loading=\"lazy\" decoding=\"async\" width=\"1024\" height=\"769\" src=\"https:\/\/www.seferintrip.com\/wp-content\/uploads\/2024\/10\/img_20240828_1313156437971659249780077-1024x769.jpg\" alt=\"\" class=\"wp-image-288\" srcset=\"https:\/\/www.seferintrip.com\/wp-content\/uploads\/2024\/10\/img_20240828_1313156437971659249780077-1024x769.jpg 1024w, https:\/\/www.seferintrip.com\/wp-content\/uploads\/2024\/10\/img_20240828_1313156437971659249780077-300x225.jpg 300w, https:\/\/www.seferintrip.com\/wp-content\/uploads\/2024\/10\/img_20240828_1313156437971659249780077-768x577.jpg 768w, https:\/\/www.seferintrip.com\/wp-content\/uploads\/2024\/10\/img_20240828_1313156437971659249780077-1536x1154.jpg 1536w, https:\/\/www.seferintrip.com\/wp-content\/uploads\/2024\/10\/img_20240828_1313156437971659249780077.jpg 1999w\" sizes=\"auto, (max-width: 1024px) 100vw, 1024px\" \/><\/figure>\n\n\n\n<p>Finalmente, seguimos por la v\u00eda verde y llegamos a un gran puente que cruzamos para bajar a un bosque en el que encontramos el r\u00edo Dordo\u00f1a para refrescarnos.<\/p>\n\n\n\n<figure class=\"wp-block-image size-large\"><img loading=\"lazy\" decoding=\"async\" width=\"1024\" height=\"461\" src=\"https:\/\/www.seferintrip.com\/wp-content\/uploads\/2024\/10\/img_20240828_1333067006326403992110075-1024x461.jpg\" alt=\"\" class=\"wp-image-290\" srcset=\"https:\/\/www.seferintrip.com\/wp-content\/uploads\/2024\/10\/img_20240828_1333067006326403992110075-1024x461.jpg 1024w, https:\/\/www.seferintrip.com\/wp-content\/uploads\/2024\/10\/img_20240828_1333067006326403992110075-300x135.jpg 300w, https:\/\/www.seferintrip.com\/wp-content\/uploads\/2024\/10\/img_20240828_1333067006326403992110075-768x346.jpg 768w, https:\/\/www.seferintrip.com\/wp-content\/uploads\/2024\/10\/img_20240828_1333067006326403992110075-1536x691.jpg 1536w, https:\/\/www.seferintrip.com\/wp-content\/uploads\/2024\/10\/img_20240828_1333067006326403992110075.jpg 2000w\" sizes=\"auto, (max-width: 1024px) 100vw, 1024px\" \/><\/figure>\n\n\n\n<p> Y ya volvemos por esta misma devuelta a la autocaravana donde comemos y nos vamos hacia: \u00bb Rocamodour\u00bb.<\/p>\n\n\n\n<figure class=\"wp-block-image size-large\"><img loading=\"lazy\" decoding=\"async\" width=\"1024\" height=\"768\" src=\"https:\/\/www.seferintrip.com\/wp-content\/uploads\/2024\/10\/img_20240828_1725256094346787311242640-1024x768.jpg\" alt=\"\" class=\"wp-image-294\" srcset=\"https:\/\/www.seferintrip.com\/wp-content\/uploads\/2024\/10\/img_20240828_1725256094346787311242640-1024x768.jpg 1024w, https:\/\/www.seferintrip.com\/wp-content\/uploads\/2024\/10\/img_20240828_1725256094346787311242640-300x225.jpg 300w, https:\/\/www.seferintrip.com\/wp-content\/uploads\/2024\/10\/img_20240828_1725256094346787311242640-768x576.jpg 768w, https:\/\/www.seferintrip.com\/wp-content\/uploads\/2024\/10\/img_20240828_1725256094346787311242640-1536x1152.jpg 1536w, https:\/\/www.seferintrip.com\/wp-content\/uploads\/2024\/10\/img_20240828_1725256094346787311242640.jpg 2000w\" sizes=\"auto, (max-width: 1024px) 100vw, 1024px\" \/><\/figure>\n\n\n\n<p>Rocamodour es un pueblo muy pintoresco y situado una zona muy interesante: su Castillo se sit\u00faa en la cima de una monta\u00f1a,\u00a0 que entramos a visitar lo primero para ver sus vistas hacia las verdes llanuras de monte y una larga fila de casas en la parte baja, descendiendo un poco entre un camino tallado entre \u00e1rboles y arena llegaremos a una curiosa plaza que estar\u00e1 rodeada por Iglesias y monasterios de piedra que entremos a visitar.<\/p>\n\n\n\n<figure class=\"wp-block-image size-large\"><img loading=\"lazy\" decoding=\"async\" width=\"768\" height=\"1024\" src=\"https:\/\/www.seferintrip.com\/wp-content\/uploads\/2024\/10\/img_20240828_1803341420830268188852126-768x1024.jpg\" alt=\"\" class=\"wp-image-293\" srcset=\"https:\/\/www.seferintrip.com\/wp-content\/uploads\/2024\/10\/img_20240828_1803341420830268188852126-768x1024.jpg 768w, https:\/\/www.seferintrip.com\/wp-content\/uploads\/2024\/10\/img_20240828_1803341420830268188852126-225x300.jpg 225w, https:\/\/www.seferintrip.com\/wp-content\/uploads\/2024\/10\/img_20240828_1803341420830268188852126-1152x1536.jpg 1152w, https:\/\/www.seferintrip.com\/wp-content\/uploads\/2024\/10\/img_20240828_1803341420830268188852126.jpg 1500w\" sizes=\"auto, (max-width: 768px) 100vw, 768px\" \/><\/figure>\n\n\n\n<p>Por \u00faltimo, llegamos a la parte m\u00e1s bonita del pueblo, que eran unas filitas de casas de piedra y bonitas ventanas con tejado puntiagudo, est\u00e1s eran comercios en los que encontramos restaurante, helader\u00edas, dulces, pero sobre todo tiendas de ropa y recuerdos.<\/p>\n\n\n\n<p>Una calle que merece la pena visitar ya que es bonita y tiene ambiente.<\/p>\n\n\n\n<figure class=\"wp-block-image size-large\"><img loading=\"lazy\" decoding=\"async\" width=\"461\" height=\"1024\" src=\"https:\/\/www.seferintrip.com\/wp-content\/uploads\/2024\/10\/img-20241001-wa00184543839063066145240-461x1024.jpg\" alt=\"\" class=\"wp-image-297\" srcset=\"https:\/\/www.seferintrip.com\/wp-content\/uploads\/2024\/10\/img-20241001-wa00184543839063066145240-461x1024.jpg 461w, https:\/\/www.seferintrip.com\/wp-content\/uploads\/2024\/10\/img-20241001-wa00184543839063066145240-135x300.jpg 135w, https:\/\/www.seferintrip.com\/wp-content\/uploads\/2024\/10\/img-20241001-wa00184543839063066145240-768x1707.jpg 768w, https:\/\/www.seferintrip.com\/wp-content\/uploads\/2024\/10\/img-20241001-wa00184543839063066145240-691x1536.jpg 691w, https:\/\/www.seferintrip.com\/wp-content\/uploads\/2024\/10\/img-20241001-wa00184543839063066145240.jpg 900w\" sizes=\"auto, (max-width: 461px) 100vw, 461px\" \/><\/figure>\n\n\n\n<p>Al acabar la calle comercial encontraremos un arco que da fin a la calle y vemos al conjunto todas estas maravillosas casas, para acabar, nos tomamos un helado y volvemos devuelta en un ascensor, al bajar vemos unas vistas hacia la Iglesia, y cogemos un telef\u00e9rico (un invento muy bueno)\u00a0 hasta el castillo\u00a0 junto al parking.<\/p>\n\n\n\n<figure class=\"wp-block-image size-large\"><img loading=\"lazy\" decoding=\"async\" width=\"1024\" height=\"769\" src=\"https:\/\/www.seferintrip.com\/wp-content\/uploads\/2024\/10\/img_20240828_1813145568989634278034135-1024x769.jpg\" alt=\"\" class=\"wp-image-296\" srcset=\"https:\/\/www.seferintrip.com\/wp-content\/uploads\/2024\/10\/img_20240828_1813145568989634278034135-1024x769.jpg 1024w, https:\/\/www.seferintrip.com\/wp-content\/uploads\/2024\/10\/img_20240828_1813145568989634278034135-300x225.jpg 300w, https:\/\/www.seferintrip.com\/wp-content\/uploads\/2024\/10\/img_20240828_1813145568989634278034135-768x577.jpg 768w, https:\/\/www.seferintrip.com\/wp-content\/uploads\/2024\/10\/img_20240828_1813145568989634278034135-1536x1154.jpg 1536w, https:\/\/www.seferintrip.com\/wp-content\/uploads\/2024\/10\/img_20240828_1813145568989634278034135.jpg 1999w\" sizes=\"auto, (max-width: 1024px) 100vw, 1024px\" \/><\/figure>\n\n\n\n<p>Ponemos rumbo a  \u00abSaint-Circ-La-Popie\u00bb, por una carretera preciosa aunque algo escarpada.<br \/>Dormimos junto al rio en una area muy chula en el hotel de mayor n\u00famero de estrellas del mundo.<\/p>\n\n\n\n<figure class=\"wp-block-image size-large\"><img loading=\"lazy\" decoding=\"async\" width=\"1024\" height=\"768\" src=\"https:\/\/www.seferintrip.com\/wp-content\/uploads\/2024\/09\/IMG_20240828_221102-1024x768.jpg\" alt=\"\" class=\"wp-image-251\" srcset=\"https:\/\/www.seferintrip.com\/wp-content\/uploads\/2024\/09\/IMG_20240828_221102-1024x768.jpg 1024w, https:\/\/www.seferintrip.com\/wp-content\/uploads\/2024\/09\/IMG_20240828_221102-300x225.jpg 300w, https:\/\/www.seferintrip.com\/wp-content\/uploads\/2024\/09\/IMG_20240828_221102-768x576.jpg 768w, https:\/\/www.seferintrip.com\/wp-content\/uploads\/2024\/09\/IMG_20240828_221102-1536x1152.jpg 1536w, https:\/\/www.seferintrip.com\/wp-content\/uploads\/2024\/09\/IMG_20240828_221102-2048x1536.jpg 2048w\" sizes=\"auto, (max-width: 1024px) 100vw, 1024px\" \/><\/figure>\n","protected":false},"excerpt":{"rendered":"<p>Buenos d\u00edass, hoy emprendemos camino a \u00abSarlat &#8211; la -Can\u00e9da\u00bb, para realizar una de las cosas m\u00e1s importantes y t\u00edpicas de la Dordo\u00f1a que no te puedes perder: su eubolica v\u00eda verde \ud83d\udc9a (rodeada de centenares y millones de \u00e1rboles de hojas amarillas y\u00a0 verdes, arbustos y plantas&#8230; alrededor) en medio de la monta\u00f1a, una &hellip; <\/p>\n","protected":false},"author":1,"featured_media":90,"comment_status":"open","ping_status":"open","sticky":false,"template":"","format":"standard","meta":{"footnotes":""},"categories":[5,4],"tags":[8,7],"class_list":["post-70","post","type-post","status-publish","format-standard","has-post-thumbnail","hentry","category-summer-trips","category-viajes","tag-8","tag-cuadernos-de-viaje"],"_links":{"self":[{"href":"https:\/\/www.seferintrip.com\/index.php?rest_route=\/wp\/v2\/posts\/70","targetHints":{"allow":["GET"]}}],"collection":[{"href":"https:\/\/www.seferintrip.com\/index.php?rest_route=\/wp\/v2\/posts"}],"about":[{"href":"https:\/\/www.seferintrip.com\/index.php?rest_route=\/wp\/v2\/types\/post"}],"author":[{"embeddable":true,"href":"https:\/\/www.seferintrip.com\/index.php?rest_route=\/wp\/v2\/users\/1"}],"replies":[{"embeddable":true,"href":"https:\/\/www.seferintrip.com\/index.php?rest_route=%2Fwp%2Fv2%2Fcomments&post=70"}],"version-history":[{"count":6,"href":"https:\/\/www.seferintrip.com\/index.php?rest_route=\/wp\/v2\/posts\/70\/revisions"}],"predecessor-version":[{"id":298,"href":"https:\/\/www.seferintrip.com\/index.php?rest_route=\/wp\/v2\/posts\/70\/revisions\/298"}],"wp:featuredmedia":[{"embeddable":true,"href":"https:\/\/www.seferintrip.com\/index.php?rest_route=\/wp\/v2\/media\/90"}],"wp:attachment":[{"href":"https:\/\/www.seferintrip.com\/index.php?rest_route=%2Fwp%2Fv2%2Fmedia&parent=70"}],"wp:term":[{"taxonomy":"category","embeddable":true,"href":"https:\/\/www.seferintrip.com\/index.php?rest_route=%2Fwp%2Fv2%2Fcategories&post=70"},{"taxonomy":"post_tag","embeddable":true,"href":"https:\/\/www.seferintrip.com\/index.php?rest_route=%2Fwp%2Fv2%2Ftags&post=70"}],"curies":[{"name":"wp","href":"https:\/\/api.w.org\/{rel}","templated":true}]}}