{"id":72,"date":"2024-09-17T18:45:31","date_gmt":"2024-09-17T16:45:31","guid":{"rendered":"https:\/\/www.seferintrip.com\/?p=72"},"modified":"2024-10-03T18:54:57","modified_gmt":"2024-10-03T16:54:57","slug":"%e2%9c%a8viaje-verano-2024%e2%9c%a8-29-de-agosto","status":"publish","type":"post","link":"https:\/\/www.seferintrip.com\/?p=72","title":{"rendered":"\u2728VIAJE VERANO 2024\u2728 29 de Agosto. Saint-Circ-La-Popie"},"content":{"rendered":"\n<p>Ayer por la noche llegamos a \u00abSaint-Circ-La-Popie\u00bb, y hoy amanecemos aqu\u00ed para visitarlo, sin duda un pueblo con encanto de pel\u00edcula y uno de los \u00faltimos de la Dordo\u00f1a.<\/p>\n\n\n\n<figure class=\"wp-block-image size-large\"><img loading=\"lazy\" decoding=\"async\" width=\"1024\" height=\"769\" src=\"https:\/\/www.seferintrip.com\/wp-content\/uploads\/2024\/09\/IMG_20240829_085016-1024x769.jpg\" alt=\"\" class=\"wp-image-257\" srcset=\"https:\/\/www.seferintrip.com\/wp-content\/uploads\/2024\/09\/IMG_20240829_085016-1024x769.jpg 1024w, https:\/\/www.seferintrip.com\/wp-content\/uploads\/2024\/09\/IMG_20240829_085016-300x225.jpg 300w, https:\/\/www.seferintrip.com\/wp-content\/uploads\/2024\/09\/IMG_20240829_085016-768x577.jpg 768w, https:\/\/www.seferintrip.com\/wp-content\/uploads\/2024\/09\/IMG_20240829_085016-1536x1154.jpg 1536w, https:\/\/www.seferintrip.com\/wp-content\/uploads\/2024\/09\/IMG_20240829_085016-2048x1538.jpg 2048w\" sizes=\"auto, (max-width: 1024px) 100vw, 1024px\" \/><\/figure>\n\n\n\n<p>Pernoctamos en un gran area de autocaravanas  entre \u00e1rboles con vistas a casitas en el monte, y por supuesto, a&nbsp; este pueblo que visitaremos temprano por la ma\u00f1ana, subiendo por un camino entre \u00e1rboles hasta el pueblo, nosotros vimos \u00abSaint-Cirq-Lapopie\u00bb casi sin gente porque llegamos a la hora en la que empezaban a abrir los comercios, pero debemos saber que este es uno de los pueblos m\u00e1s tur\u00edsticos, ya que cuenta con seis parking en total.<\/p>\n\n\n\n<figure class=\"wp-block-image size-large is-resized\"><img loading=\"lazy\" decoding=\"async\" width=\"768\" height=\"1024\" src=\"https:\/\/www.seferintrip.com\/wp-content\/uploads\/2024\/09\/IMG_20240829_104836-1-768x1024.jpg\" alt=\"\" class=\"wp-image-265\" style=\"width:840px;height:auto\" srcset=\"https:\/\/www.seferintrip.com\/wp-content\/uploads\/2024\/09\/IMG_20240829_104836-1-768x1024.jpg 768w, https:\/\/www.seferintrip.com\/wp-content\/uploads\/2024\/09\/IMG_20240829_104836-1-225x300.jpg 225w, https:\/\/www.seferintrip.com\/wp-content\/uploads\/2024\/09\/IMG_20240829_104836-1-1152x1536.jpg 1152w, https:\/\/www.seferintrip.com\/wp-content\/uploads\/2024\/09\/IMG_20240829_104836-1-1536x2048.jpg 1536w, https:\/\/www.seferintrip.com\/wp-content\/uploads\/2024\/09\/IMG_20240829_104836-1-scaled.jpg 1920w\" sizes=\"auto, (max-width: 768px) 100vw, 768px\" \/><\/figure>\n\n\n\n<p>Este pueblo se sit\u00faa tambi\u00e9n en la cima de rocas, al igual que los de la zona. Comenzamos llegando y cruzando la gran puerta de entrada, para pasar a un mirador hacia el pueblo y, m\u00e1s tardez vamos recorriendo sus&nbsp; encantadoras y pintorescas callecitas&nbsp; con casas de piedra de piedra entre vegetaci\u00f3n.<\/p>\n\n\n\n<figure class=\"wp-block-image size-large\"><img loading=\"lazy\" decoding=\"async\" width=\"1024\" height=\"639\" src=\"https:\/\/www.seferintrip.com\/wp-content\/uploads\/2024\/09\/IMG_20240829_114121-1024x639.jpg\" alt=\"\" class=\"wp-image-260\" srcset=\"https:\/\/www.seferintrip.com\/wp-content\/uploads\/2024\/09\/IMG_20240829_114121-1024x639.jpg 1024w, https:\/\/www.seferintrip.com\/wp-content\/uploads\/2024\/09\/IMG_20240829_114121-300x187.jpg 300w, https:\/\/www.seferintrip.com\/wp-content\/uploads\/2024\/09\/IMG_20240829_114121-768x479.jpg 768w, https:\/\/www.seferintrip.com\/wp-content\/uploads\/2024\/09\/IMG_20240829_114121-1536x959.jpg 1536w, https:\/\/www.seferintrip.com\/wp-content\/uploads\/2024\/09\/IMG_20240829_114121.jpg 1730w\" sizes=\"auto, (max-width: 1024px) 100vw, 1024px\" \/><\/figure>\n\n\n\n<p>Muy bonitas y con un estilo muy parecido a las anteriores. Hubo una calle que realmente me encant\u00f3 porque se decoraba con cartelitos del nombre de los comercios o restaurantes al lado.\ud83d\ude0d<\/p>\n\n\n\n<figure class=\"wp-block-image\"><img loading=\"lazy\" decoding=\"async\" width=\"768\" height=\"1024\" src=\"https:\/\/www.seferintrip.com\/wp-content\/uploads\/2024\/10\/img_20240829_1006145725448594108917817-768x1024.jpg\" alt=\"\" class=\"wp-image-282\" srcset=\"https:\/\/www.seferintrip.com\/wp-content\/uploads\/2024\/10\/img_20240829_1006145725448594108917817-768x1024.jpg 768w, https:\/\/www.seferintrip.com\/wp-content\/uploads\/2024\/10\/img_20240829_1006145725448594108917817-225x300.jpg 225w, https:\/\/www.seferintrip.com\/wp-content\/uploads\/2024\/10\/img_20240829_1006145725448594108917817-1152x1536.jpg 1152w, https:\/\/www.seferintrip.com\/wp-content\/uploads\/2024\/10\/img_20240829_1006145725448594108917817.jpg 1500w\" sizes=\"auto, (max-width: 768px) 100vw, 768px\" \/><\/figure>\n\n\n\n<p> Entre calles de piedra y casas sacadas de cuento llegamos a un gran mirador en la cima del pueblo, donde vemos desde arriba el \u00abR\u00edo Lot\u00bb junto a sus llanuras entre vegetaci\u00f3n y algunas casas, este r\u00edo es que cruza por esta zona de la Dordo\u00f1a a diferencia de los otros pueblos en el que a su r\u00edo le daba nombre la zona. Al otro lado del mirador vemos las casitas de cuento por las que hab\u00edamos paseado. Al lado de aqu\u00ed, estaba la gran Iglesia del pueblo, as\u00ed que vamos y la visitamos por dentro. (Al lado se encuentran tambi\u00e9n los restos del castillo), pero nosotros ya bajamos por diferentes callecitas de este pueblo hasta el area para comenzar otra nueva ruta ma\u00f1anera.<\/p>\n\n\n\n<figure class=\"wp-block-image size-large\"><img loading=\"lazy\" decoding=\"async\" width=\"1024\" height=\"514\" src=\"https:\/\/www.seferintrip.com\/wp-content\/uploads\/2024\/09\/IMG_20240829_112211-1024x514.jpg\" alt=\"\" class=\"wp-image-261\" srcset=\"https:\/\/www.seferintrip.com\/wp-content\/uploads\/2024\/09\/IMG_20240829_112211-1024x514.jpg 1024w, https:\/\/www.seferintrip.com\/wp-content\/uploads\/2024\/09\/IMG_20240829_112211-300x151.jpg 300w, https:\/\/www.seferintrip.com\/wp-content\/uploads\/2024\/09\/IMG_20240829_112211-768x385.jpg 768w, https:\/\/www.seferintrip.com\/wp-content\/uploads\/2024\/09\/IMG_20240829_112211-1536x771.jpg 1536w, https:\/\/www.seferintrip.com\/wp-content\/uploads\/2024\/09\/IMG_20240829_112211-2048x1028.jpg 2048w\" sizes=\"auto, (max-width: 1024px) 100vw, 1024px\" \/><\/figure>\n\n\n\n<p>Casi al lado del area, cogemos un barco muy t\u00edpico que nos llevar\u00e1 entre \u00e1rboles por el r\u00edo Lot hasta el pueblo del lado para volver haciendo una ruta, este barco nos ense\u00f1a unas grises rocas muy t\u00edpicas pegadas al monte en las que tallaron entre estas&nbsp; el camino del sendero por el que volveremos. Tambi\u00e9n nos explica varias cosas sobre la zona, como que estos barcos en el que montamos eran para transportar productos comerciales, y el sendero entre las rocas se tallo para que antiguamente los burros pudiesen ayudar a los barcos mediantes siglas a volver, por eso, este sendero se denomina \u00abEl Sendero de la Sirga\u00bb. Incluso nos explicaron los mecanismos de las esclusas, inventadas por el famoso Leonardo Da Vinci, ya que pasamos por ellas varias veces, pero fue bastante r\u00e1pido, a diferencia de las antig\u00fcedades, en las que sol\u00edan tardar en realizar el mecanismo de las esclusas entre 2-4h.<\/p>\n\n\n\n<p>Luego volvimos por el sendero mencionado anteriormente entre vegetaci\u00f3n, r\u00edo y cultivos dando un agradable paseo.<\/p>\n\n\n\n<figure class=\"wp-block-image size-large\"><img loading=\"lazy\" decoding=\"async\" width=\"1024\" height=\"768\" src=\"https:\/\/www.seferintrip.com\/wp-content\/uploads\/2024\/09\/IMG_20240829_124058-1024x768.jpg\" alt=\"\" class=\"wp-image-267\" srcset=\"https:\/\/www.seferintrip.com\/wp-content\/uploads\/2024\/09\/IMG_20240829_124058-1024x768.jpg 1024w, https:\/\/www.seferintrip.com\/wp-content\/uploads\/2024\/09\/IMG_20240829_124058-300x225.jpg 300w, https:\/\/www.seferintrip.com\/wp-content\/uploads\/2024\/09\/IMG_20240829_124058-768x576.jpg 768w, https:\/\/www.seferintrip.com\/wp-content\/uploads\/2024\/09\/IMG_20240829_124058-1536x1152.jpg 1536w, https:\/\/www.seferintrip.com\/wp-content\/uploads\/2024\/09\/IMG_20240829_124058-2048x1536.jpg 2048w\" sizes=\"auto, (max-width: 1024px) 100vw, 1024px\" \/><\/figure>\n\n\n\n<p>A la hora de la comida, llegamos al area y comimos en una mesa con excelentes vistas al monte, pero antes, como este camping contaba con una \u00abplaya\u00bb en el r\u00edo Lot, nos refrescamos aqu\u00ed antes de comer.<\/p>\n\n\n\n<figure class=\"wp-block-image size-large\"><img loading=\"lazy\" decoding=\"async\" width=\"1024\" height=\"704\" src=\"https:\/\/www.seferintrip.com\/wp-content\/uploads\/2024\/09\/IMG_20240829_1409282-1024x704.jpg\" alt=\"\" class=\"wp-image-270\" srcset=\"https:\/\/www.seferintrip.com\/wp-content\/uploads\/2024\/09\/IMG_20240829_1409282-1024x704.jpg 1024w, https:\/\/www.seferintrip.com\/wp-content\/uploads\/2024\/09\/IMG_20240829_1409282-300x206.jpg 300w, https:\/\/www.seferintrip.com\/wp-content\/uploads\/2024\/09\/IMG_20240829_1409282-768x528.jpg 768w, https:\/\/www.seferintrip.com\/wp-content\/uploads\/2024\/09\/IMG_20240829_1409282-1536x1056.jpg 1536w, https:\/\/www.seferintrip.com\/wp-content\/uploads\/2024\/09\/IMG_20240829_1409282-2048x1407.jpg 2048w\" sizes=\"auto, (max-width: 1024px) 100vw, 1024px\" \/><\/figure>\n\n\n\n<p>Fue una ma\u00f1ana completa. \ud83d\udc4c\ud83e\udd73<\/p>\n\n\n\n<p>Pero despu\u00e9s, ya emprendimos camino de vuelta a casa.<\/p>\n","protected":false},"excerpt":{"rendered":"<p>Ayer por la noche llegamos a \u00abSaint-Circ-La-Popie\u00bb, y hoy amanecemos aqu\u00ed para visitarlo, sin duda un pueblo con encanto de pel\u00edcula y uno de los \u00faltimos de la Dordo\u00f1a. Pernoctamos en un gran area de autocaravanas entre \u00e1rboles con vistas a casitas en el monte, y por supuesto, a&nbsp; este pueblo que visitaremos temprano por &hellip; <\/p>\n","protected":false},"author":1,"featured_media":88,"comment_status":"open","ping_status":"open","sticky":false,"template":"","format":"standard","meta":{"footnotes":""},"categories":[5,4],"tags":[8,7],"class_list":["post-72","post","type-post","status-publish","format-standard","has-post-thumbnail","hentry","category-summer-trips","category-viajes","tag-8","tag-cuadernos-de-viaje"],"_links":{"self":[{"href":"https:\/\/www.seferintrip.com\/index.php?rest_route=\/wp\/v2\/posts\/72","targetHints":{"allow":["GET"]}}],"collection":[{"href":"https:\/\/www.seferintrip.com\/index.php?rest_route=\/wp\/v2\/posts"}],"about":[{"href":"https:\/\/www.seferintrip.com\/index.php?rest_route=\/wp\/v2\/types\/post"}],"author":[{"embeddable":true,"href":"https:\/\/www.seferintrip.com\/index.php?rest_route=\/wp\/v2\/users\/1"}],"replies":[{"embeddable":true,"href":"https:\/\/www.seferintrip.com\/index.php?rest_route=%2Fwp%2Fv2%2Fcomments&post=72"}],"version-history":[{"count":9,"href":"https:\/\/www.seferintrip.com\/index.php?rest_route=\/wp\/v2\/posts\/72\/revisions"}],"predecessor-version":[{"id":284,"href":"https:\/\/www.seferintrip.com\/index.php?rest_route=\/wp\/v2\/posts\/72\/revisions\/284"}],"wp:featuredmedia":[{"embeddable":true,"href":"https:\/\/www.seferintrip.com\/index.php?rest_route=\/wp\/v2\/media\/88"}],"wp:attachment":[{"href":"https:\/\/www.seferintrip.com\/index.php?rest_route=%2Fwp%2Fv2%2Fmedia&parent=72"}],"wp:term":[{"taxonomy":"category","embeddable":true,"href":"https:\/\/www.seferintrip.com\/index.php?rest_route=%2Fwp%2Fv2%2Fcategories&post=72"},{"taxonomy":"post_tag","embeddable":true,"href":"https:\/\/www.seferintrip.com\/index.php?rest_route=%2Fwp%2Fv2%2Ftags&post=72"}],"curies":[{"name":"wp","href":"https:\/\/api.w.org\/{rel}","templated":true}]}}