{"id":74,"date":"2024-09-17T18:47:54","date_gmt":"2024-09-17T16:47:54","guid":{"rendered":"https:\/\/www.seferintrip.com\/?p=74"},"modified":"2024-10-05T22:09:54","modified_gmt":"2024-10-05T20:09:54","slug":"%e2%9c%a8viaje-verano-2024%e2%9c%a8-29-de-agosto-2","status":"publish","type":"post","link":"https:\/\/www.seferintrip.com\/?p=74","title":{"rendered":"\u2728VIAJE VERANO 2024\u2728 29 de Agosto(Parte 2). San Juan de luz."},"content":{"rendered":"\n<p>Tras algunas horas de viaje, hacemos parada en San Juan de Luz. Un pueblo muy t\u00edpico y pintoresco que est\u00e1 rodeado de casas con ventanas, estampados y puertas de diferentes colores que le dan un toque muy bonito.<\/p>\n\n\n\n<figure class=\"wp-block-image size-large\"><img loading=\"lazy\" decoding=\"async\" width=\"768\" height=\"1024\" src=\"https:\/\/www.seferintrip.com\/wp-content\/uploads\/2024\/10\/img_20240829_2333242484557741845564642-768x1024.jpg\" alt=\"\" class=\"wp-image-277\" srcset=\"https:\/\/www.seferintrip.com\/wp-content\/uploads\/2024\/10\/img_20240829_2333242484557741845564642-768x1024.jpg 768w, https:\/\/www.seferintrip.com\/wp-content\/uploads\/2024\/10\/img_20240829_2333242484557741845564642-225x300.jpg 225w, https:\/\/www.seferintrip.com\/wp-content\/uploads\/2024\/10\/img_20240829_2333242484557741845564642-1152x1536.jpg 1152w, https:\/\/www.seferintrip.com\/wp-content\/uploads\/2024\/10\/img_20240829_2333242484557741845564642.jpg 1500w\" sizes=\"auto, (max-width: 768px) 100vw, 768px\" \/><\/figure>\n\n\n\n<p>Nosotros lo visitamos por la noche ya que salimos a pasear despu\u00e9s del viaje, aparcando en un \u00e1rea donde pernoctaremos muy cerca del pueblo,al lado del puerto, en frente de la policia y un gran hotel si cruzamos la calle, m\u00e1s tarde, pasamos por estas callecitas con bonitas casas de estructuras parecidas pero cada una con diferentes colores hasta visitar una gran Iglesia<\/p>\n\n\n\n<p>Llegamos al paseo mar\u00edtimo, y encontramos un sitio en el que cenamos pizzas antes de dar otra vuelta por el paseo al lado de la playa hasta el faro, fue un espectacular y original paseo iluminado, ya que el estilo de estas casas es impresionante, e incluso algunas ten\u00edan una pasarela como balc\u00f3n que les cruzaba directamente al paseo de la playa, est\u00e1 es de las cosas mas t\u00edpicas de aqu\u00ed, ya que es muy curioso.<\/p>\n\n\n\n<figure class=\"wp-block-image size-large\"><img loading=\"lazy\" decoding=\"async\" width=\"768\" height=\"1024\" src=\"https:\/\/www.seferintrip.com\/wp-content\/uploads\/2024\/10\/img_20240829_2338126518697325579227366-768x1024.jpg\" alt=\"\" class=\"wp-image-278\" srcset=\"https:\/\/www.seferintrip.com\/wp-content\/uploads\/2024\/10\/img_20240829_2338126518697325579227366-768x1024.jpg 768w, https:\/\/www.seferintrip.com\/wp-content\/uploads\/2024\/10\/img_20240829_2338126518697325579227366-225x300.jpg 225w, https:\/\/www.seferintrip.com\/wp-content\/uploads\/2024\/10\/img_20240829_2338126518697325579227366-1152x1536.jpg 1152w, https:\/\/www.seferintrip.com\/wp-content\/uploads\/2024\/10\/img_20240829_2338126518697325579227366.jpg 1500w\" sizes=\"auto, (max-width: 768px) 100vw, 768px\" \/><\/figure>\n\n\n\n<p>Fue un maravilloso paseo entre el mar&nbsp; en forma de bah\u00eda a un lado y al otro lado una filita de diversas casas con un estilo encantador. Finalmente, pasamos junto a una placita junto al puerto donde vemos tambi\u00e9n casas del mismo estilo al otro lado iluminadas.<\/p>\n\n\n\n<p>Fue un paseo muy agradable, aunque tuvimos tambi\u00e9n un paseo con lluvias al principio \ud83c\udf20 \u2614<\/p>\n","protected":false},"excerpt":{"rendered":"<p>Tras algunas horas de viaje, hacemos parada en San Juan de Luz. Un pueblo muy t\u00edpico y pintoresco que est\u00e1 rodeado de casas con ventanas, estampados y puertas de diferentes colores que le dan un toque muy bonito. Nosotros lo visitamos por la noche ya que salimos a pasear despu\u00e9s del viaje, aparcando en un &hellip; <\/p>\n","protected":false},"author":1,"featured_media":92,"comment_status":"open","ping_status":"open","sticky":false,"template":"","format":"standard","meta":{"footnotes":""},"categories":[5,4],"tags":[8,7],"class_list":["post-74","post","type-post","status-publish","format-standard","has-post-thumbnail","hentry","category-summer-trips","category-viajes","tag-8","tag-cuadernos-de-viaje"],"_links":{"self":[{"href":"https:\/\/www.seferintrip.com\/index.php?rest_route=\/wp\/v2\/posts\/74","targetHints":{"allow":["GET"]}}],"collection":[{"href":"https:\/\/www.seferintrip.com\/index.php?rest_route=\/wp\/v2\/posts"}],"about":[{"href":"https:\/\/www.seferintrip.com\/index.php?rest_route=\/wp\/v2\/types\/post"}],"author":[{"embeddable":true,"href":"https:\/\/www.seferintrip.com\/index.php?rest_route=\/wp\/v2\/users\/1"}],"replies":[{"embeddable":true,"href":"https:\/\/www.seferintrip.com\/index.php?rest_route=%2Fwp%2Fv2%2Fcomments&post=74"}],"version-history":[{"count":9,"href":"https:\/\/www.seferintrip.com\/index.php?rest_route=\/wp\/v2\/posts\/74\/revisions"}],"predecessor-version":[{"id":310,"href":"https:\/\/www.seferintrip.com\/index.php?rest_route=\/wp\/v2\/posts\/74\/revisions\/310"}],"wp:featuredmedia":[{"embeddable":true,"href":"https:\/\/www.seferintrip.com\/index.php?rest_route=\/wp\/v2\/media\/92"}],"wp:attachment":[{"href":"https:\/\/www.seferintrip.com\/index.php?rest_route=%2Fwp%2Fv2%2Fmedia&parent=74"}],"wp:term":[{"taxonomy":"category","embeddable":true,"href":"https:\/\/www.seferintrip.com\/index.php?rest_route=%2Fwp%2Fv2%2Fcategories&post=74"},{"taxonomy":"post_tag","embeddable":true,"href":"https:\/\/www.seferintrip.com\/index.php?rest_route=%2Fwp%2Fv2%2Ftags&post=74"}],"curies":[{"name":"wp","href":"https:\/\/api.w.org\/{rel}","templated":true}]}}